{"id":61883,"date":"2020-09-27T20:27:57","date_gmt":"2020-09-27T23:27:57","guid":{"rendered":"https:\/\/blogdoedvaldomagalhaes.com.br\/?p=61883"},"modified":"2020-09-27T20:27:58","modified_gmt":"2020-09-27T23:27:58","slug":"pernambuco-registrou-76-novos-casos-de-covid-19-neste-domingo-27","status":"publish","type":"post","link":"https:\/\/blogdoedvaldomagalhaes.com.br\/index.php\/2020\/09\/27\/pernambuco-registrou-76-novos-casos-de-covid-19-neste-domingo-27\/","title":{"rendered":"Pernambuco registrou 76 novos casos de Covid-19 neste domingo (27)"},"content":{"rendered":"<p style=\"text-align: justify;\">Pernambuco confirmou, neste domingo (27\/09), 76 novos casos da Covid-19. Destes, 24 (31,6%) est\u00e3o classificados como Si\u0301ndrome Respirato\u0301ria Aguda Grave (Srag), portanto internados e\/ou mais graves, e 52 (68,4%) s\u00e3o casos leves. Ao todo, o Estado soma 145.016 confirma\u00e7\u00f5es (26.222 graves e 118.794 leves). O boletim tamb\u00e9m registra mais 28 pessoas recuperadas da doen\u00e7a, totalizando 126.916 curas.<\/p>\n<p style=\"text-align: justify;\">Tamb\u00e9m foram confirmados, por exames, 18 \u00f3bitos (sendo 8 homens e 10 mulheres). Com isso, o Estado totaliza 8.174 mortes pela doen\u00e7a. Do total de mortes do informe de hoje, duas (11,1%) foram registradas neste m\u00eas de setembro. Os outros 16 registros (88,9%) aconteceram entre os dias 08\/05 e 12\/08. At\u00e9 agora, os casos graves confirmados est\u00e3o distribu\u00eddos por todos os 184 munic\u00edpios pernambucanos, al\u00e9m de Fernando de Noronha.<\/p>\n\n\n<figure class=\"wp-block-image size-large\"><img loading=\"lazy\" decoding=\"async\" width=\"1024\" height=\"819\" src=\"https:\/\/blogdoedvaldomagalhaes.com.br\/wp-content\/uploads\/2020\/09\/FB_IMG_1601248669142-1024x819.jpg\" alt=\"\" class=\"wp-image-61885\" srcset=\"https:\/\/blogdoedvaldomagalhaes.com.br\/wp-content\/uploads\/2020\/09\/FB_IMG_1601248669142-1024x819.jpg 1024w, https:\/\/blogdoedvaldomagalhaes.com.br\/wp-content\/uploads\/2020\/09\/FB_IMG_1601248669142-300x240.jpg 300w, https:\/\/blogdoedvaldomagalhaes.com.br\/wp-content\/uploads\/2020\/09\/FB_IMG_1601248669142-768x614.jpg 768w, https:\/\/blogdoedvaldomagalhaes.com.br\/wp-content\/uploads\/2020\/09\/FB_IMG_1601248669142.jpg 1080w\" sizes=\"auto, (max-width: 1024px) 100vw, 1024px\" \/><\/figure>\n","protected":false},"excerpt":{"rendered":"<p>Pernambuco confirmou, neste domingo (27\/09), 76 novos casos da Covid-19. Destes, 24 (31,6%) est\u00e3o classificados como Si\u0301ndrome Respirato\u0301ria Aguda Grave&hellip;<\/p>\n","protected":false},"author":1,"featured_media":61884,"comment_status":"open","ping_status":"open","sticky":false,"template":"","format":"standard","meta":{"footnotes":""},"categories":[14120],"tags":[2,19532,19670,19671],"class_list":["post-61883","post","type-post","status-publish","format-standard","has-post-thumbnail","hentry","category-noticias","tag-blog-do-edvaldo-magalhaes","tag-blog-mais-acessado-e-visualizado-de-caruaru-e-regiao","tag-novo-coronavirus","tag-pernambuco-registrou-76-novos-casos-de-covid-19-neste-domingo-27"],"_links":{"self":[{"href":"https:\/\/blogdoedvaldomagalhaes.com.br\/index.php\/wp-json\/wp\/v2\/posts\/61883","targetHints":{"allow":["GET"]}}],"collection":[{"href":"https:\/\/blogdoedvaldomagalhaes.com.br\/index.php\/wp-json\/wp\/v2\/posts"}],"about":[{"href":"https:\/\/blogdoedvaldomagalhaes.com.br\/index.php\/wp-json\/wp\/v2\/types\/post"}],"author":[{"embeddable":true,"href":"https:\/\/blogdoedvaldomagalhaes.com.br\/index.php\/wp-json\/wp\/v2\/users\/1"}],"replies":[{"embeddable":true,"href":"https:\/\/blogdoedvaldomagalhaes.com.br\/index.php\/wp-json\/wp\/v2\/comments?post=61883"}],"version-history":[{"count":1,"href":"https:\/\/blogdoedvaldomagalhaes.com.br\/index.php\/wp-json\/wp\/v2\/posts\/61883\/revisions"}],"predecessor-version":[{"id":61886,"href":"https:\/\/blogdoedvaldomagalhaes.com.br\/index.php\/wp-json\/wp\/v2\/posts\/61883\/revisions\/61886"}],"wp:featuredmedia":[{"embeddable":true,"href":"https:\/\/blogdoedvaldomagalhaes.com.br\/index.php\/wp-json\/wp\/v2\/media\/61884"}],"wp:attachment":[{"href":"https:\/\/blogdoedvaldomagalhaes.com.br\/index.php\/wp-json\/wp\/v2\/media?parent=61883"}],"wp:term":[{"taxonomy":"category","embeddable":true,"href":"https:\/\/blogdoedvaldomagalhaes.com.br\/index.php\/wp-json\/wp\/v2\/categories?post=61883"},{"taxonomy":"post_tag","embeddable":true,"href":"https:\/\/blogdoedvaldomagalhaes.com.br\/index.php\/wp-json\/wp\/v2\/tags?post=61883"}],"curies":[{"name":"wp","href":"https:\/\/api.w.org\/{rel}","templated":true}]}}