{"id":61879,"date":"2020-09-27T19:16:53","date_gmt":"2020-09-27T22:16:53","guid":{"rendered":"https:\/\/blogdoedvaldomagalhaes.com.br\/?p=61879"},"modified":"2020-09-27T19:16:54","modified_gmt":"2020-09-27T22:16:54","slug":"mais-um-dia-sem-morte-por-covid-19-em-caruaru-e-9453-dos-infectados-pelo-virus-ja-se-recuperaram","status":"publish","type":"post","link":"https:\/\/blogdoedvaldomagalhaes.com.br\/index.php\/2020\/09\/27\/mais-um-dia-sem-morte-por-covid-19-em-caruaru-e-9453-dos-infectados-pelo-virus-ja-se-recuperaram\/","title":{"rendered":"Mais um dia sem morte por Covid-19 em Caruaru e 94,53% dos infectados pelo v\u00edrus j\u00e1 se recuperaram"},"content":{"rendered":"<p style=\"text-align: justify;\"><span style=\"font-size: inherit;\">A Secretaria de Sa\u00fade de Caruaru informa que at\u00e9 este domingo (27) 94,53% dos pacientes j\u00e1 se recuperaram do novo coronav\u00edrus.<\/span><\/p>\n<p style=\"text-align: justify;\">O n\u00famero de testes realizados subiu para 23.839 dos quais 8.506 foram atrav\u00e9s do teste molecular e 15.333 do teste r\u00e1pido, com 8.455 confirma\u00e7\u00f5es para \u00e0 Covid-19.<\/p>\n<p style=\"text-align: justify;\">O n\u00famero de casos descartados subiu para 14.787.<\/p>\n<p style=\"text-align: justify;\">Tamb\u00e9m j\u00e1 foram registrados 32.608 casos de s\u00edndrome gripal, dos quais 1.085 foram orientados a ficar em isolamento domiciliar.<\/p>\n<p><strong>Foto: Andrea Rego Barros\/Prefeitura do Recife.<\/strong><\/p>\n\n\n<figure class=\"wp-block-image size-large\"><img loading=\"lazy\" decoding=\"async\" width=\"1024\" height=\"1024\" src=\"https:\/\/blogdoedvaldomagalhaes.com.br\/wp-content\/uploads\/2020\/09\/IMG-20200927-WA0189-1024x1024.jpg\" alt=\"\" class=\"wp-image-61880\" srcset=\"https:\/\/blogdoedvaldomagalhaes.com.br\/wp-content\/uploads\/2020\/09\/IMG-20200927-WA0189-1024x1024.jpg 1024w, https:\/\/blogdoedvaldomagalhaes.com.br\/wp-content\/uploads\/2020\/09\/IMG-20200927-WA0189-300x300.jpg 300w, https:\/\/blogdoedvaldomagalhaes.com.br\/wp-content\/uploads\/2020\/09\/IMG-20200927-WA0189-150x150.jpg 150w, https:\/\/blogdoedvaldomagalhaes.com.br\/wp-content\/uploads\/2020\/09\/IMG-20200927-WA0189-768x768.jpg 768w, https:\/\/blogdoedvaldomagalhaes.com.br\/wp-content\/uploads\/2020\/09\/IMG-20200927-WA0189.jpg 1280w\" sizes=\"auto, (max-width: 1024px) 100vw, 1024px\" \/><\/figure>\n","protected":false},"excerpt":{"rendered":"<p>A Secretaria de Sa\u00fade de Caruaru informa que at\u00e9 este domingo (27) 94,53% dos pacientes j\u00e1 se recuperaram do novo&hellip;<\/p>\n","protected":false},"author":1,"featured_media":61881,"comment_status":"open","ping_status":"open","sticky":false,"template":"","format":"standard","meta":{"footnotes":""},"categories":[1],"tags":[2,19532,19669,19670],"class_list":["post-61879","post","type-post","status-publish","format-standard","has-post-thumbnail","hentry","category-sem-categoria","tag-blog-do-edvaldo-magalhaes","tag-blog-mais-acessado-e-visualizado-de-caruaru-e-regiao","tag-mais-um-dia-sem-morte-por-covid-19-em-caruaru","tag-novo-coronavirus"],"_links":{"self":[{"href":"https:\/\/blogdoedvaldomagalhaes.com.br\/index.php\/wp-json\/wp\/v2\/posts\/61879","targetHints":{"allow":["GET"]}}],"collection":[{"href":"https:\/\/blogdoedvaldomagalhaes.com.br\/index.php\/wp-json\/wp\/v2\/posts"}],"about":[{"href":"https:\/\/blogdoedvaldomagalhaes.com.br\/index.php\/wp-json\/wp\/v2\/types\/post"}],"author":[{"embeddable":true,"href":"https:\/\/blogdoedvaldomagalhaes.com.br\/index.php\/wp-json\/wp\/v2\/users\/1"}],"replies":[{"embeddable":true,"href":"https:\/\/blogdoedvaldomagalhaes.com.br\/index.php\/wp-json\/wp\/v2\/comments?post=61879"}],"version-history":[{"count":1,"href":"https:\/\/blogdoedvaldomagalhaes.com.br\/index.php\/wp-json\/wp\/v2\/posts\/61879\/revisions"}],"predecessor-version":[{"id":61882,"href":"https:\/\/blogdoedvaldomagalhaes.com.br\/index.php\/wp-json\/wp\/v2\/posts\/61879\/revisions\/61882"}],"wp:featuredmedia":[{"embeddable":true,"href":"https:\/\/blogdoedvaldomagalhaes.com.br\/index.php\/wp-json\/wp\/v2\/media\/61881"}],"wp:attachment":[{"href":"https:\/\/blogdoedvaldomagalhaes.com.br\/index.php\/wp-json\/wp\/v2\/media?parent=61879"}],"wp:term":[{"taxonomy":"category","embeddable":true,"href":"https:\/\/blogdoedvaldomagalhaes.com.br\/index.php\/wp-json\/wp\/v2\/categories?post=61879"},{"taxonomy":"post_tag","embeddable":true,"href":"https:\/\/blogdoedvaldomagalhaes.com.br\/index.php\/wp-json\/wp\/v2\/tags?post=61879"}],"curies":[{"name":"wp","href":"https:\/\/api.w.org\/{rel}","templated":true}]}}