{"id":61874,"date":"2020-09-27T19:06:52","date_gmt":"2020-09-27T22:06:52","guid":{"rendered":"https:\/\/blogdoedvaldomagalhaes.com.br\/?p=61874"},"modified":"2020-09-27T19:06:53","modified_gmt":"2020-09-27T22:06:53","slug":"policia-de-pernambuco-e-alagoas-recupera-motos-roubadas-em-garanhuns-e-arapiraca","status":"publish","type":"post","link":"https:\/\/blogdoedvaldomagalhaes.com.br\/index.php\/2020\/09\/27\/policia-de-pernambuco-e-alagoas-recupera-motos-roubadas-em-garanhuns-e-arapiraca\/","title":{"rendered":"Pol\u00edcia de Pernambuco e Alagoas recupera motos roubadas em Garanhuns e Arapiraca"},"content":{"rendered":"<p style=\"text-align: justify;\"><span style=\"font-size: inherit;\">Duas motos roubadas que estavam prestes a ser clonadas foram recuperadas e um homem foi detido no s\u00e1bado(26), em uma resid\u00eancia de Arapiraca, no estado de Alagoas. A a\u00e7\u00e3o foi realizada a partir de uma a\u00e7\u00e3o integrada entre a Pol\u00edcia Rodovi\u00e1ria Federal (PRF), Pol\u00edcia Civil de Pernambuco (PCPE) e Pol\u00edcia Militar de Alagoas (PMAL).<\/span><\/p>\n<p style=\"text-align: justify;\">Pela manh\u00e3, agentes da PRF recuperaram um carro roubado em Garanhuns e encontraram uma placa clonada de uma moto regularizada dentro do ve\u00edculo. O motorista do autom\u00f3vel admitiu que a placa seria instalada em uma moto roubada, que era guardada pelo filho dele em Arapiraca.<\/p>\n<p style=\"text-align: justify;\">A Pol\u00edcia Civil de Garanhuns entrou em contato com a PM de Alagoas e informou o endere\u00e7o onde estavam os ve\u00edculos roubados. Ao chegarem no local, os policiais recuperaram os ve\u00edculos e detiveram o homem que guardava as motos.<\/p>\n<p style=\"text-align: justify;\">A ocorr\u00eancia foi encaminhada \u00e0 Delegacia de Pol\u00edcia Civil de Arapiraca, para a continuidade dos procedimentos legais.<\/p>\n<p style=\"text-align: justify;\">Moto de Caruaru recuperada<\/p>\n<p style=\"text-align: justify;\">No mesmo dia, outra moto foi recuperada pela PRF na BR 423 em Garanhuns e um homem de 51 anos foi detido, ap\u00f3s tentar fugir da abordagem. O ve\u00edculo havia sido roubado em Caruaru no ano de 2017 e o dono, que n\u00e3o possu\u00eda seguro, ficou emocionado com a not\u00edcia.<\/p>\n<p style=\"text-align: justify;\">O condutor e a motocicleta foram encaminhados \u00e0 delegacia de Pol\u00edcia Civil de Garanhuns, para devolu\u00e7\u00e3o do ve\u00edculo ao propriet\u00e1rio.<\/p>\n\n\n<figure class=\"wp-block-image size-large\"><img loading=\"lazy\" decoding=\"async\" width=\"585\" height=\"543\" src=\"https:\/\/blogdoedvaldomagalhaes.com.br\/wp-content\/uploads\/2020\/09\/IMG-20200927-WA0064.jpg\" alt=\"\" class=\"wp-image-61876\" srcset=\"https:\/\/blogdoedvaldomagalhaes.com.br\/wp-content\/uploads\/2020\/09\/IMG-20200927-WA0064.jpg 585w, https:\/\/blogdoedvaldomagalhaes.com.br\/wp-content\/uploads\/2020\/09\/IMG-20200927-WA0064-300x278.jpg 300w\" sizes=\"auto, (max-width: 585px) 100vw, 585px\" \/><\/figure>\n\n\n\n<figure class=\"wp-block-image size-large\"><img loading=\"lazy\" decoding=\"async\" width=\"1024\" height=\"576\" src=\"https:\/\/blogdoedvaldomagalhaes.com.br\/wp-content\/uploads\/2020\/09\/IMG-20200927-WA0065-1024x576.jpg\" alt=\"\" class=\"wp-image-61877\" srcset=\"https:\/\/blogdoedvaldomagalhaes.com.br\/wp-content\/uploads\/2020\/09\/IMG-20200927-WA0065-1024x576.jpg 1024w, https:\/\/blogdoedvaldomagalhaes.com.br\/wp-content\/uploads\/2020\/09\/IMG-20200927-WA0065-300x169.jpg 300w, https:\/\/blogdoedvaldomagalhaes.com.br\/wp-content\/uploads\/2020\/09\/IMG-20200927-WA0065-768x432.jpg 768w, https:\/\/blogdoedvaldomagalhaes.com.br\/wp-content\/uploads\/2020\/09\/IMG-20200927-WA0065-1140x641.jpg 1140w, https:\/\/blogdoedvaldomagalhaes.com.br\/wp-content\/uploads\/2020\/09\/IMG-20200927-WA0065-720x405.jpg 720w, https:\/\/blogdoedvaldomagalhaes.com.br\/wp-content\/uploads\/2020\/09\/IMG-20200927-WA0065.jpg 1280w\" sizes=\"auto, (max-width: 1024px) 100vw, 1024px\" \/><figcaption>Fotos: PRF\/Divulga\u00e7\u00e3o<\/figcaption><\/figure>\n","protected":false},"excerpt":{"rendered":"<p>Duas motos roubadas que estavam prestes a ser clonadas foram recuperadas e um homem foi detido no s\u00e1bado(26), em uma&hellip;<\/p>\n","protected":false},"author":1,"featured_media":61875,"comment_status":"open","ping_status":"open","sticky":false,"template":"","format":"standard","meta":{"footnotes":""},"categories":[14121],"tags":[2,19532,19667],"class_list":["post-61874","post","type-post","status-publish","format-standard","has-post-thumbnail","hentry","category-policial","tag-blog-do-edvaldo-magalhaes","tag-blog-mais-acessado-e-visualizado-de-caruaru-e-regiao","tag-policia-de-pernambuco-e-alagoas-recupera-motos-roubadas-em-garanhuns-e-arapiraca"],"_links":{"self":[{"href":"https:\/\/blogdoedvaldomagalhaes.com.br\/index.php\/wp-json\/wp\/v2\/posts\/61874","targetHints":{"allow":["GET"]}}],"collection":[{"href":"https:\/\/blogdoedvaldomagalhaes.com.br\/index.php\/wp-json\/wp\/v2\/posts"}],"about":[{"href":"https:\/\/blogdoedvaldomagalhaes.com.br\/index.php\/wp-json\/wp\/v2\/types\/post"}],"author":[{"embeddable":true,"href":"https:\/\/blogdoedvaldomagalhaes.com.br\/index.php\/wp-json\/wp\/v2\/users\/1"}],"replies":[{"embeddable":true,"href":"https:\/\/blogdoedvaldomagalhaes.com.br\/index.php\/wp-json\/wp\/v2\/comments?post=61874"}],"version-history":[{"count":1,"href":"https:\/\/blogdoedvaldomagalhaes.com.br\/index.php\/wp-json\/wp\/v2\/posts\/61874\/revisions"}],"predecessor-version":[{"id":61878,"href":"https:\/\/blogdoedvaldomagalhaes.com.br\/index.php\/wp-json\/wp\/v2\/posts\/61874\/revisions\/61878"}],"wp:featuredmedia":[{"embeddable":true,"href":"https:\/\/blogdoedvaldomagalhaes.com.br\/index.php\/wp-json\/wp\/v2\/media\/61875"}],"wp:attachment":[{"href":"https:\/\/blogdoedvaldomagalhaes.com.br\/index.php\/wp-json\/wp\/v2\/media?parent=61874"}],"wp:term":[{"taxonomy":"category","embeddable":true,"href":"https:\/\/blogdoedvaldomagalhaes.com.br\/index.php\/wp-json\/wp\/v2\/categories?post=61874"},{"taxonomy":"post_tag","embeddable":true,"href":"https:\/\/blogdoedvaldomagalhaes.com.br\/index.php\/wp-json\/wp\/v2\/tags?post=61874"}],"curies":[{"name":"wp","href":"https:\/\/api.w.org\/{rel}","templated":true}]}}