{"id":61860,"date":"2020-09-27T18:21:02","date_gmt":"2020-09-27T21:21:02","guid":{"rendered":"https:\/\/blogdoedvaldomagalhaes.com.br\/?p=61860"},"modified":"2020-09-27T22:25:26","modified_gmt":"2020-09-28T01:25:26","slug":"central-empata-com-o-itabaiana-em-caruaru-pela-serie-d","status":"publish","type":"post","link":"https:\/\/blogdoedvaldomagalhaes.com.br\/index.php\/2020\/09\/27\/central-empata-com-o-itabaiana-em-caruaru-pela-serie-d\/","title":{"rendered":"Central empata com o Itabaiana em Caruaru pela S\u00e9rie D"},"content":{"rendered":"<p style=\"text-align: justify;\">O Central empatou com o Itabaiana por 2 a 2, no Est\u00e1dio Lacerd\u00e3o, em Caruaru, na tarde deste domingo (27), pela S\u00e9rie D 2020. O t\u00e9cnico Jaelson Marcelino do Itabaiana foi expulso no in\u00edcio do 1\u00b0 tempo. Aos 06 minutos de jogo houve um lance pol\u00eamico, quando o zagueiro Hugo marcou um gol, confirmado pela arbitragem, e ap\u00f3s uma conversa r\u00e1pida do \u00e1rbitro e com o 4\u00b0 \u00e1rbitro, o gol foi anulado, por causa de um impedimento do zagueiro Hugo.<\/p>\n<p style=\"text-align: justify;\">Os visitantes abriram o placar no fim da primeira etapa, aos 49 minutos, com Ot\u00e1vio, de cabe\u00e7a. No segundo tempo, Leandro Costa empatou aos 15 minutos.<\/p>\n<p style=\"text-align: justify;\">Quatro minutos depois a Patativa virou com Soares, mas aos 27, Ot\u00e1vio de novo de cabe\u00e7a empatou para o Tremend\u00e3o. O jogo come\u00e7ou com mais de 20 minutos de atraso por que o est\u00e1dio estava sem ambul\u00e2ncia.<\/p>\n<p style=\"text-align: justify;\">O Central volta a jogar quarta-feira (30), contra o Potiguar, \u00e0s 20h, no est\u00e1dio Nogueir\u00e3o. O Itabaiana tamb\u00e9m joga na quarta, \u00e0s 19h, contra o Coruripe, no Etelvino Mendon\u00e7a.<\/p>\n<p style=\"text-align: justify;\">\u00c1rbitro: Mairon Frederico (Maranh\u00e3o), Assistentes: Marcelino Castro e Ricardo Jorge (Pernambuco<\/p>\n<p style=\"text-align: justify;\">O Central empatou com Gide\u00e3o, Polegar, Luc\u00e3o, Janelson (Renan) e Evandro; Gustavo Henrique, Adailson (Robinho), Janderson e Doda (Joelson); Leandro Soares ( Jefinho) e Leandro Costa (Euller). T\u00e9cnico: S\u00edlvio Crici\u00fama.<\/p>\n<p style=\"text-align: justify;\">O Itabaiana jogou com Cris, Carlos Henrique, Diego Bispo, Hugo e Caitano; Jacobina (Pedro), Ot\u00e1vio (Geovane), Alexandre (Fagner) e Birungueta; Thiago e Ila (Pinheirinho). T\u00e9cnico: Jaelson Marcelino m<\/p>\n","protected":false},"excerpt":{"rendered":"<p>O Central empatou com o Itabaiana por 2 a 2, no Est\u00e1dio Lacerd\u00e3o, em Caruaru, na tarde deste domingo (27),&hellip;<\/p>\n","protected":false},"author":1,"featured_media":61861,"comment_status":"open","ping_status":"open","sticky":false,"template":"","format":"standard","meta":{"footnotes":""},"categories":[14124],"tags":[2,19532,19665],"class_list":["post-61860","post","type-post","status-publish","format-standard","has-post-thumbnail","hentry","category-centralsc","tag-blog-do-edvaldo-magalhaes","tag-blog-mais-acessado-e-visualizado-de-caruaru-e-regiao","tag-central-empata-com-o-itabaiana-em-caruaru-pela-serie-d"],"_links":{"self":[{"href":"https:\/\/blogdoedvaldomagalhaes.com.br\/index.php\/wp-json\/wp\/v2\/posts\/61860","targetHints":{"allow":["GET"]}}],"collection":[{"href":"https:\/\/blogdoedvaldomagalhaes.com.br\/index.php\/wp-json\/wp\/v2\/posts"}],"about":[{"href":"https:\/\/blogdoedvaldomagalhaes.com.br\/index.php\/wp-json\/wp\/v2\/types\/post"}],"author":[{"embeddable":true,"href":"https:\/\/blogdoedvaldomagalhaes.com.br\/index.php\/wp-json\/wp\/v2\/users\/1"}],"replies":[{"embeddable":true,"href":"https:\/\/blogdoedvaldomagalhaes.com.br\/index.php\/wp-json\/wp\/v2\/comments?post=61860"}],"version-history":[{"count":10,"href":"https:\/\/blogdoedvaldomagalhaes.com.br\/index.php\/wp-json\/wp\/v2\/posts\/61860\/revisions"}],"predecessor-version":[{"id":61893,"href":"https:\/\/blogdoedvaldomagalhaes.com.br\/index.php\/wp-json\/wp\/v2\/posts\/61860\/revisions\/61893"}],"wp:featuredmedia":[{"embeddable":true,"href":"https:\/\/blogdoedvaldomagalhaes.com.br\/index.php\/wp-json\/wp\/v2\/media\/61861"}],"wp:attachment":[{"href":"https:\/\/blogdoedvaldomagalhaes.com.br\/index.php\/wp-json\/wp\/v2\/media?parent=61860"}],"wp:term":[{"taxonomy":"category","embeddable":true,"href":"https:\/\/blogdoedvaldomagalhaes.com.br\/index.php\/wp-json\/wp\/v2\/categories?post=61860"},{"taxonomy":"post_tag","embeddable":true,"href":"https:\/\/blogdoedvaldomagalhaes.com.br\/index.php\/wp-json\/wp\/v2\/tags?post=61860"}],"curies":[{"name":"wp","href":"https:\/\/api.w.org\/{rel}","templated":true}]}}