{"id":61857,"date":"2020-09-26T21:54:36","date_gmt":"2020-09-27T00:54:36","guid":{"rendered":"https:\/\/blogdoedvaldomagalhaes.com.br\/?p=61857"},"modified":"2020-09-26T21:54:37","modified_gmt":"2020-09-27T00:54:37","slug":"raquel-lyra-se-reune-com-pre-candidatos-a-vereador-e-comunidade-surda-de-caruaru","status":"publish","type":"post","link":"https:\/\/blogdoedvaldomagalhaes.com.br\/index.php\/2020\/09\/26\/raquel-lyra-se-reune-com-pre-candidatos-a-vereador-e-comunidade-surda-de-caruaru\/","title":{"rendered":"Raquel Lyra se re\u00fane com pr\u00e9-candidatos a vereador e comunidade surda de Caruaru"},"content":{"rendered":"<p style=\"text-align: justify;\"><span style=\"font-size: inherit;\">A pr\u00e9-candidata \u00e0 reelei\u00e7\u00e3o em Caruaru, Raquel Lyra (PSDB), esteve nessa sexta-feira (25) com as pr\u00e9-candidatas \u00e0 C\u00e2mara de Vereadores de Caruaru da coliga\u00e7\u00e3o &#8220;Todos por Caruaru&#8221;. Na ocasi\u00e3o, elas falaram sobre diversidade e pluralidade nas candidaturas para as elei\u00e7\u00f5es 2020, al\u00e9m da import\u00e2ncia da participa\u00e7\u00e3o das mulheres na pol\u00edtica.<\/span><span style=\"font-size: inherit;\">\u00a0<\/span><\/p>\n<p style=\"text-align: justify;\"><span style=\"font-size: inherit;\">Na tarde deste s\u00e1bado (26) a pr\u00e9-candidata Raquel Lyra, destacou o Dia Nacional do Surdo, reunindo parte da comunidade surda do munic\u00edpio. A reuni\u00e3o respeitou todos os protocolos sanit\u00e1rios, a fim de garantir o controle no n\u00famero de pessoas no local. O<\/span><span style=\"font-size: inherit;\">\u00a0momento ressaltou a import\u00e2ncia de uma cidade cada vez mais inclusiva. &#8220;Hoje \u00e9 um dia especial e importante para dar visibilidade \u00e0 surdez no nosso munic\u00edpio, no pa\u00eds. E estar aqui, com a presen\u00e7a de voc\u00eas, \u00e9 fundamental para garantir a\u00e7\u00f5es mais efetivas. Esse momento \u00e9 para trazer a participa\u00e7\u00e3o dos surdos, familiares e professores, em busca de uma cidade mais inclusiva&#8221;, destacou Raquel Lyra.<\/span><\/p>\n<p style=\"text-align: justify;\">Ainda neste s\u00e1bado (26), a candidata \u00e0 reelei\u00e7\u00e3o em Caruaru, Raquel Lyra (PSDB), esteve com pr\u00e9-candidatos \u00e0 C\u00e2mara de Vereadores do munic\u00edpio. O encontro discutiu pontos do per\u00edodo eleitoral, com orienta\u00e7\u00f5es, e destacou a import\u00e2ncia de trabalhar uma campanha comprometida e respons\u00e1vel.<\/p>\n","protected":false},"excerpt":{"rendered":"<p>A pr\u00e9-candidata \u00e0 reelei\u00e7\u00e3o em Caruaru, Raquel Lyra (PSDB), esteve nessa sexta-feira (25) com as pr\u00e9-candidatas \u00e0 C\u00e2mara de Vereadores&hellip;<\/p>\n","protected":false},"author":1,"featured_media":61858,"comment_status":"open","ping_status":"open","sticky":false,"template":"","format":"standard","meta":{"footnotes":""},"categories":[14122],"tags":[2,19532,1950,20,19664],"class_list":["post-61857","post","type-post","status-publish","format-standard","has-post-thumbnail","hentry","category-politica","tag-blog-do-edvaldo-magalhaes","tag-blog-mais-acessado-e-visualizado-de-caruaru-e-regiao","tag-noticias-de-caruaru","tag-politica","tag-raquel-lyra-se-reune-com-pre-candidatos-a-vereador-e-comunidade-surda-de-caruaru"],"_links":{"self":[{"href":"https:\/\/blogdoedvaldomagalhaes.com.br\/index.php\/wp-json\/wp\/v2\/posts\/61857","targetHints":{"allow":["GET"]}}],"collection":[{"href":"https:\/\/blogdoedvaldomagalhaes.com.br\/index.php\/wp-json\/wp\/v2\/posts"}],"about":[{"href":"https:\/\/blogdoedvaldomagalhaes.com.br\/index.php\/wp-json\/wp\/v2\/types\/post"}],"author":[{"embeddable":true,"href":"https:\/\/blogdoedvaldomagalhaes.com.br\/index.php\/wp-json\/wp\/v2\/users\/1"}],"replies":[{"embeddable":true,"href":"https:\/\/blogdoedvaldomagalhaes.com.br\/index.php\/wp-json\/wp\/v2\/comments?post=61857"}],"version-history":[{"count":1,"href":"https:\/\/blogdoedvaldomagalhaes.com.br\/index.php\/wp-json\/wp\/v2\/posts\/61857\/revisions"}],"predecessor-version":[{"id":61859,"href":"https:\/\/blogdoedvaldomagalhaes.com.br\/index.php\/wp-json\/wp\/v2\/posts\/61857\/revisions\/61859"}],"wp:featuredmedia":[{"embeddable":true,"href":"https:\/\/blogdoedvaldomagalhaes.com.br\/index.php\/wp-json\/wp\/v2\/media\/61858"}],"wp:attachment":[{"href":"https:\/\/blogdoedvaldomagalhaes.com.br\/index.php\/wp-json\/wp\/v2\/media?parent=61857"}],"wp:term":[{"taxonomy":"category","embeddable":true,"href":"https:\/\/blogdoedvaldomagalhaes.com.br\/index.php\/wp-json\/wp\/v2\/categories?post=61857"},{"taxonomy":"post_tag","embeddable":true,"href":"https:\/\/blogdoedvaldomagalhaes.com.br\/index.php\/wp-json\/wp\/v2\/tags?post=61857"}],"curies":[{"name":"wp","href":"https:\/\/api.w.org\/{rel}","templated":true}]}}