{"id":61853,"date":"2020-09-26T21:32:50","date_gmt":"2020-09-27T00:32:50","guid":{"rendered":"https:\/\/blogdoedvaldomagalhaes.com.br\/?p=61853"},"modified":"2020-09-26T21:32:52","modified_gmt":"2020-09-27T00:32:52","slug":"deputado-tony-gel-reafirma-apoio-a-marcelo-gomes-em-caruaru","status":"publish","type":"post","link":"https:\/\/blogdoedvaldomagalhaes.com.br\/index.php\/2020\/09\/26\/deputado-tony-gel-reafirma-apoio-a-marcelo-gomes-em-caruaru\/","title":{"rendered":"Deputado Tony Gel reafirma apoio a Marcelo Gomes em Caruaru"},"content":{"rendered":"\n<p><\/p>\n\n\n\n<p><\/p>\n\n\n<p style=\"text-align: justify;\"><span style=\"font-size: inherit;\">Marcelo Gomes, pr\u00e9-candidato a prefeito de Caruaru, se encontrou na manh\u00e3 deste s\u00e1bado, 26, com o deputado estadual Tony Gel. Durante o encontro, Tony refor\u00e7ou o compromisso com a candidatura do socialista.<\/span><\/p>\n<p style=\"text-align: justify;\">Marcelo Gomes aproveitou a oportunidade para trocar ideias sobre o plano de governo para Caruaru com o ex-prefeito e j\u00e1 apresentou uma proposta para a futura gest\u00e3o: implantar o Programa M\u00e9dicos nas Creches. \u201cEssa proposta de Marcelo \u00e9 muito interessante porque pode prevenir muitas doen\u00e7as nas crian\u00e7as logo no in\u00edcio, sem esperar as consultas dos postos de sa\u00fade. A sa\u00fade deve ser uma das prioridades do prefeito e Marcelo j\u00e1 mostra esse compromisso. Ele est\u00e1 no caminho certo\u201d, atestou Tony.<\/p>\n<p style=\"text-align: justify;\">Participaram tamb\u00e9m do encontro, a ex- deputada Miriam Lacerda, al\u00e9m dos filhos do casal, Tonynho e Karoll.<\/p>","protected":false},"excerpt":{"rendered":"<p>Marcelo Gomes, pr\u00e9-candidato a prefeito de Caruaru, se encontrou na manh\u00e3 deste s\u00e1bado, 26, com o deputado estadual Tony Gel.&hellip;<\/p>\n","protected":false},"author":1,"featured_media":61854,"comment_status":"open","ping_status":"open","sticky":false,"template":"","format":"standard","meta":{"footnotes":""},"categories":[14122],"tags":[2,19532,19663,1950,20],"class_list":["post-61853","post","type-post","status-publish","format-standard","has-post-thumbnail","hentry","category-politica","tag-blog-do-edvaldo-magalhaes","tag-blog-mais-acessado-e-visualizado-de-caruaru-e-regiao","tag-deputado-tony-gel-reafirma-apoio-a-marcelo-gomes-em-caruaru","tag-noticias-de-caruaru","tag-politica"],"_links":{"self":[{"href":"https:\/\/blogdoedvaldomagalhaes.com.br\/index.php\/wp-json\/wp\/v2\/posts\/61853","targetHints":{"allow":["GET"]}}],"collection":[{"href":"https:\/\/blogdoedvaldomagalhaes.com.br\/index.php\/wp-json\/wp\/v2\/posts"}],"about":[{"href":"https:\/\/blogdoedvaldomagalhaes.com.br\/index.php\/wp-json\/wp\/v2\/types\/post"}],"author":[{"embeddable":true,"href":"https:\/\/blogdoedvaldomagalhaes.com.br\/index.php\/wp-json\/wp\/v2\/users\/1"}],"replies":[{"embeddable":true,"href":"https:\/\/blogdoedvaldomagalhaes.com.br\/index.php\/wp-json\/wp\/v2\/comments?post=61853"}],"version-history":[{"count":1,"href":"https:\/\/blogdoedvaldomagalhaes.com.br\/index.php\/wp-json\/wp\/v2\/posts\/61853\/revisions"}],"predecessor-version":[{"id":61855,"href":"https:\/\/blogdoedvaldomagalhaes.com.br\/index.php\/wp-json\/wp\/v2\/posts\/61853\/revisions\/61855"}],"wp:featuredmedia":[{"embeddable":true,"href":"https:\/\/blogdoedvaldomagalhaes.com.br\/index.php\/wp-json\/wp\/v2\/media\/61854"}],"wp:attachment":[{"href":"https:\/\/blogdoedvaldomagalhaes.com.br\/index.php\/wp-json\/wp\/v2\/media?parent=61853"}],"wp:term":[{"taxonomy":"category","embeddable":true,"href":"https:\/\/blogdoedvaldomagalhaes.com.br\/index.php\/wp-json\/wp\/v2\/categories?post=61853"},{"taxonomy":"post_tag","embeddable":true,"href":"https:\/\/blogdoedvaldomagalhaes.com.br\/index.php\/wp-json\/wp\/v2\/tags?post=61853"}],"curies":[{"name":"wp","href":"https:\/\/api.w.org\/{rel}","templated":true}]}}