{"id":61837,"date":"2020-09-26T13:40:27","date_gmt":"2020-09-26T16:40:27","guid":{"rendered":"https:\/\/blogdoedvaldomagalhaes.com.br\/?p=61837"},"modified":"2020-09-26T13:40:27","modified_gmt":"2020-09-26T16:40:27","slug":"crianca-e-encontrada-pela-prf-sem-os-pais-dentro-de-carro-roubado-na-br-423-em-pernambuco","status":"publish","type":"post","link":"https:\/\/blogdoedvaldomagalhaes.com.br\/index.php\/2020\/09\/26\/crianca-e-encontrada-pela-prf-sem-os-pais-dentro-de-carro-roubado-na-br-423-em-pernambuco\/","title":{"rendered":"Crian\u00e7a \u00e9 encontrada pela PRF sem os pais dentro de carro roubado na BR 423 em Pernambuco"},"content":{"rendered":"<p style=\"text-align: justify;\"><span style=\"font-size: inherit;\">Uma menina de nove anos que era transportada sem a presen\u00e7a dos pais e em um carro roubado foi resgatada pela Pol\u00edcia Rodovi\u00e1ria Federal (PRF), na BR 423, em Garanhuns, no Agreste de Pernambuco. O ve\u00edculo havia sido roubado em setembro do ano passado em Arapiraca, no estado de Alagoas.<\/span><\/p>\n<p style=\"text-align: justify;\">O flagrante ocorreu no Km 93 da rodovia, durante a abordagem a um carro ocupado por dois homens, uma mulher e uma crian\u00e7a. A equipe constatou que a menina n\u00e3o tinha parentesco com os ocupantes do ve\u00edculo e que era transportada sem o documento de autoriza\u00e7\u00e3o dos pais.<\/p>\n<p style=\"text-align: justify;\">A passageira informou que era amiga da m\u00e3e da crian\u00e7a e havia sa\u00eddo de Santa Cruz do Capibaribe, tamb\u00e9m no Agreste, para entregar a menina \u00e0 av\u00f3 em Arapiraca. O motorista era inabilitado e populares avistaram quando o passageiro arremessou a chave de uma moto pela janela.<\/p>\n<p style=\"text-align: justify;\">Al\u00e9m de constatar que o carro era roubado, os policiais encontraram a placa de uma motocicleta dentro do autom\u00f3vel. A placa era id\u00eantica \u00e0 de uma moto regularizada e poderia ser utilizada para clonar outro ve\u00edculo.<\/p>\n<p style=\"text-align: justify;\">A crian\u00e7a foi encaminhada ao Conselho Tutelar e os outros ocupantes do carro foram conduzidos \u00e0 delegacia de Pol\u00edcia Civil de Garanhuns. No local, foi descoberto que o passageiro possu\u00eda passagem na pol\u00edcia por tr\u00e1fico de drogas.<\/p>\n\n\n<figure class=\"wp-block-image size-large\"><img loading=\"lazy\" decoding=\"async\" width=\"1024\" height=\"768\" src=\"https:\/\/blogdoedvaldomagalhaes.com.br\/wp-content\/uploads\/2020\/09\/IMG-20200926-WA0055-1024x768.jpg\" alt=\"\" class=\"wp-image-61839\" srcset=\"https:\/\/blogdoedvaldomagalhaes.com.br\/wp-content\/uploads\/2020\/09\/IMG-20200926-WA0055-1024x768.jpg 1024w, https:\/\/blogdoedvaldomagalhaes.com.br\/wp-content\/uploads\/2020\/09\/IMG-20200926-WA0055-300x225.jpg 300w, https:\/\/blogdoedvaldomagalhaes.com.br\/wp-content\/uploads\/2020\/09\/IMG-20200926-WA0055-768x576.jpg 768w, https:\/\/blogdoedvaldomagalhaes.com.br\/wp-content\/uploads\/2020\/09\/IMG-20200926-WA0055-1536x1153.jpg 1536w, https:\/\/blogdoedvaldomagalhaes.com.br\/wp-content\/uploads\/2020\/09\/IMG-20200926-WA0055-160x120.jpg 160w, https:\/\/blogdoedvaldomagalhaes.com.br\/wp-content\/uploads\/2020\/09\/IMG-20200926-WA0055.jpg 1599w\" sizes=\"auto, (max-width: 1024px) 100vw, 1024px\" \/><figcaption>Fotos: PRF\/Divulga\u00e7\u00e3o<\/figcaption><\/figure>\n","protected":false},"excerpt":{"rendered":"<p>Uma menina de nove anos que era transportada sem a presen\u00e7a dos pais e em um carro roubado foi resgatada&hellip;<\/p>\n","protected":false},"author":1,"featured_media":61838,"comment_status":"open","ping_status":"open","sticky":false,"template":"","format":"standard","meta":{"footnotes":""},"categories":[14121],"tags":[2,19532,19660,3782],"class_list":["post-61837","post","type-post","status-publish","format-standard","has-post-thumbnail","hentry","category-policial","tag-blog-do-edvaldo-magalhaes","tag-blog-mais-acessado-e-visualizado-de-caruaru-e-regiao","tag-crianca-e-encontrada-pela-prf-sem-os-pais-dentro-de-carro-roubado-na-br-423-em-pernambuco","tag-garanhuns"],"_links":{"self":[{"href":"https:\/\/blogdoedvaldomagalhaes.com.br\/index.php\/wp-json\/wp\/v2\/posts\/61837","targetHints":{"allow":["GET"]}}],"collection":[{"href":"https:\/\/blogdoedvaldomagalhaes.com.br\/index.php\/wp-json\/wp\/v2\/posts"}],"about":[{"href":"https:\/\/blogdoedvaldomagalhaes.com.br\/index.php\/wp-json\/wp\/v2\/types\/post"}],"author":[{"embeddable":true,"href":"https:\/\/blogdoedvaldomagalhaes.com.br\/index.php\/wp-json\/wp\/v2\/users\/1"}],"replies":[{"embeddable":true,"href":"https:\/\/blogdoedvaldomagalhaes.com.br\/index.php\/wp-json\/wp\/v2\/comments?post=61837"}],"version-history":[{"count":1,"href":"https:\/\/blogdoedvaldomagalhaes.com.br\/index.php\/wp-json\/wp\/v2\/posts\/61837\/revisions"}],"predecessor-version":[{"id":61840,"href":"https:\/\/blogdoedvaldomagalhaes.com.br\/index.php\/wp-json\/wp\/v2\/posts\/61837\/revisions\/61840"}],"wp:featuredmedia":[{"embeddable":true,"href":"https:\/\/blogdoedvaldomagalhaes.com.br\/index.php\/wp-json\/wp\/v2\/media\/61838"}],"wp:attachment":[{"href":"https:\/\/blogdoedvaldomagalhaes.com.br\/index.php\/wp-json\/wp\/v2\/media?parent=61837"}],"wp:term":[{"taxonomy":"category","embeddable":true,"href":"https:\/\/blogdoedvaldomagalhaes.com.br\/index.php\/wp-json\/wp\/v2\/categories?post=61837"},{"taxonomy":"post_tag","embeddable":true,"href":"https:\/\/blogdoedvaldomagalhaes.com.br\/index.php\/wp-json\/wp\/v2\/tags?post=61837"}],"curies":[{"name":"wp","href":"https:\/\/api.w.org\/{rel}","templated":true}]}}