{"id":61805,"date":"2020-09-25T11:47:59","date_gmt":"2020-09-25T14:47:59","guid":{"rendered":"https:\/\/blogdoedvaldomagalhaes.com.br\/?p=61805"},"modified":"2020-09-25T11:48:00","modified_gmt":"2020-09-25T14:48:00","slug":"oab-caruaru-anuncia-inicio-da-construcao-da-nova-sede-em-solenidade-dos-60-anos","status":"publish","type":"post","link":"https:\/\/blogdoedvaldomagalhaes.com.br\/index.php\/2020\/09\/25\/oab-caruaru-anuncia-inicio-da-construcao-da-nova-sede-em-solenidade-dos-60-anos\/","title":{"rendered":"OAB Caruaru anuncia in\u00edcio da constru\u00e7\u00e3o da nova sede em solenidade dos 60 anos"},"content":{"rendered":"<p style=\"text-align: justify;\"><span style=\"font-size: inherit;\">O in\u00edcio oficial da constru\u00e7\u00e3o da nova sede da OAB Caruaru marcou as comemora\u00e7\u00f5es do 60\u00ba anivers\u00e1rio da subse\u00e7\u00e3o, ocorrido nessa quinta-feira (24). A cerim\u00f4nia simb\u00f3lica realizada na atual sede reuniu a diretoria da OAB Caruaru, representantes do conselho, integrantes da construtora respons\u00e1vel pela obra, e contou com a presen\u00e7a do presidente da OAB-PE, Bruno Baptista, do presidente da Caixa de Assist\u00eancia dos Advogados de Pernambuco, Fernando Ribeiro Lins, e dos ex-presidentes, Margarida Cardoso, Saulo Amazonas e Felipe Sampaio.<\/span><\/p>\n<p style=\"text-align: justify;\">O atual presidente da OAB Caruaru, Fernando J\u00fanior, comemorou e agradeceu a cada um que contribuiu para a realiza\u00e7\u00e3o dessa conquista para a advocacia de toda a regi\u00e3o. \u201cA constru\u00e7\u00e3o da nova sede \u00e9 um pleito que vem sendo discutido h\u00e1 muito tempo em outras gest\u00f5es, e, gra\u00e7as ao empenho de cada um, podemos hoje, em uma data t\u00e3o significativa para a OAB Caruaru, dar in\u00edcio a esse trabalho que contou com os esfor\u00e7os da OAB Pernambuco e CAAPE\u201d, destacou o presidente.<\/p>\n<p style=\"text-align: justify;\">O presidente da seccional pernambucana, Bruno Baptista, prestou homenagem a todos que j\u00e1 fizeram parte da hist\u00f3ria da OAB Caruaru, e aproveitou a oportunidade para reiterar o compromisso com a advocacia da regi\u00e3o. \u201cQuero reafirmar o compromisso de entregar uma nova sede \u00e0 altura da advocacia interiorana e garanto que ela ficar\u00e1 pronta e equipada at\u00e9 o final da nossa gest\u00e3o\u201d, refor\u00e7ou. \u00a0<\/p>\n<p style=\"text-align: justify;\">O ex-presidente Saulo Amazonas e a advogada Cl\u00e1udia Mirian relembraram os desafios enfrentados pela advocacia local e, em um discurso emocionado, afirmaram que a nova sede ser\u00e1 uma importante conquista para toda a classe.<\/p>\n<p style=\"text-align: justify;\">Depois, outro ato foi realizado no terreno onde ser\u00e1 constru\u00eddo o novo pr\u00e9dio, localizado nas imedia\u00e7\u00f5es do F\u00f3rum Estadual de Caruaru.<\/p>\n\n\n<figure class=\"wp-block-image size-large\"><img loading=\"lazy\" decoding=\"async\" width=\"1024\" height=\"683\" src=\"https:\/\/blogdoedvaldomagalhaes.com.br\/wp-content\/uploads\/2020\/09\/IMG-20200925-WA0035-1024x683.jpg\" alt=\"\" class=\"wp-image-61807\" srcset=\"https:\/\/blogdoedvaldomagalhaes.com.br\/wp-content\/uploads\/2020\/09\/IMG-20200925-WA0035-1024x683.jpg 1024w, https:\/\/blogdoedvaldomagalhaes.com.br\/wp-content\/uploads\/2020\/09\/IMG-20200925-WA0035-300x200.jpg 300w, https:\/\/blogdoedvaldomagalhaes.com.br\/wp-content\/uploads\/2020\/09\/IMG-20200925-WA0035-768x512.jpg 768w, https:\/\/blogdoedvaldomagalhaes.com.br\/wp-content\/uploads\/2020\/09\/IMG-20200925-WA0035.jpg 1280w\" sizes=\"auto, (max-width: 1024px) 100vw, 1024px\" \/><\/figure>\n\n\n\n<figure class=\"wp-block-image size-large\"><img loading=\"lazy\" decoding=\"async\" width=\"1024\" height=\"683\" src=\"https:\/\/blogdoedvaldomagalhaes.com.br\/wp-content\/uploads\/2020\/09\/IMG-20200925-WA0033-1024x683.jpg\" alt=\"\" class=\"wp-image-61808\" srcset=\"https:\/\/blogdoedvaldomagalhaes.com.br\/wp-content\/uploads\/2020\/09\/IMG-20200925-WA0033-1024x683.jpg 1024w, https:\/\/blogdoedvaldomagalhaes.com.br\/wp-content\/uploads\/2020\/09\/IMG-20200925-WA0033-300x200.jpg 300w, https:\/\/blogdoedvaldomagalhaes.com.br\/wp-content\/uploads\/2020\/09\/IMG-20200925-WA0033-768x512.jpg 768w, https:\/\/blogdoedvaldomagalhaes.com.br\/wp-content\/uploads\/2020\/09\/IMG-20200925-WA0033.jpg 1280w\" sizes=\"auto, (max-width: 1024px) 100vw, 1024px\" \/><\/figure>\n\n\n\n<figure class=\"wp-block-image size-large\"><img loading=\"lazy\" decoding=\"async\" width=\"1024\" height=\"683\" src=\"https:\/\/blogdoedvaldomagalhaes.com.br\/wp-content\/uploads\/2020\/09\/IMG-20200925-WA0034-1024x683.jpg\" alt=\"\" class=\"wp-image-61809\" srcset=\"https:\/\/blogdoedvaldomagalhaes.com.br\/wp-content\/uploads\/2020\/09\/IMG-20200925-WA0034-1024x683.jpg 1024w, https:\/\/blogdoedvaldomagalhaes.com.br\/wp-content\/uploads\/2020\/09\/IMG-20200925-WA0034-300x200.jpg 300w, https:\/\/blogdoedvaldomagalhaes.com.br\/wp-content\/uploads\/2020\/09\/IMG-20200925-WA0034-768x512.jpg 768w, https:\/\/blogdoedvaldomagalhaes.com.br\/wp-content\/uploads\/2020\/09\/IMG-20200925-WA0034.jpg 1280w\" sizes=\"auto, (max-width: 1024px) 100vw, 1024px\" \/><\/figure>\n\n\n\n<figure class=\"wp-block-image size-large\"><img loading=\"lazy\" decoding=\"async\" width=\"1024\" height=\"658\" src=\"https:\/\/blogdoedvaldomagalhaes.com.br\/wp-content\/uploads\/2020\/09\/IMG-20200925-WA0036-1024x658.jpg\" alt=\"\" class=\"wp-image-61810\" srcset=\"https:\/\/blogdoedvaldomagalhaes.com.br\/wp-content\/uploads\/2020\/09\/IMG-20200925-WA0036-1024x658.jpg 1024w, https:\/\/blogdoedvaldomagalhaes.com.br\/wp-content\/uploads\/2020\/09\/IMG-20200925-WA0036-300x193.jpg 300w, https:\/\/blogdoedvaldomagalhaes.com.br\/wp-content\/uploads\/2020\/09\/IMG-20200925-WA0036-768x494.jpg 768w, https:\/\/blogdoedvaldomagalhaes.com.br\/wp-content\/uploads\/2020\/09\/IMG-20200925-WA0036.jpg 1280w\" sizes=\"auto, (max-width: 1024px) 100vw, 1024px\" \/><figcaption>Fotos: Itaqu\u00ea Fontinele<\/figcaption><\/figure>\n","protected":false},"excerpt":{"rendered":"<p>O in\u00edcio oficial da constru\u00e7\u00e3o da nova sede da OAB Caruaru marcou as comemora\u00e7\u00f5es do 60\u00ba anivers\u00e1rio da subse\u00e7\u00e3o, ocorrido&hellip;<\/p>\n","protected":false},"author":1,"featured_media":61806,"comment_status":"open","ping_status":"open","sticky":false,"template":"","format":"standard","meta":{"footnotes":""},"categories":[14120],"tags":[2,19532,19651,4660,4661,19652,12596,1950,19650,12598],"class_list":["post-61805","post","type-post","status-publish","format-standard","has-post-thumbnail","hentry","category-noticias","tag-blog-do-edvaldo-magalhaes","tag-blog-mais-acessado-e-visualizado-de-caruaru-e-regiao","tag-claudia-mirian","tag-felipe-sampaio","tag-fernando-junior","tag-forum-estadual-de-caruaru","tag-margarida-cardoso","tag-noticias-de-caruaru","tag-oab-caruaru-anuncia-inicio-da-construcao-da-nova-sede-em-solenidade-dos-60-anos","tag-saulo-amazonas"],"_links":{"self":[{"href":"https:\/\/blogdoedvaldomagalhaes.com.br\/index.php\/wp-json\/wp\/v2\/posts\/61805","targetHints":{"allow":["GET"]}}],"collection":[{"href":"https:\/\/blogdoedvaldomagalhaes.com.br\/index.php\/wp-json\/wp\/v2\/posts"}],"about":[{"href":"https:\/\/blogdoedvaldomagalhaes.com.br\/index.php\/wp-json\/wp\/v2\/types\/post"}],"author":[{"embeddable":true,"href":"https:\/\/blogdoedvaldomagalhaes.com.br\/index.php\/wp-json\/wp\/v2\/users\/1"}],"replies":[{"embeddable":true,"href":"https:\/\/blogdoedvaldomagalhaes.com.br\/index.php\/wp-json\/wp\/v2\/comments?post=61805"}],"version-history":[{"count":1,"href":"https:\/\/blogdoedvaldomagalhaes.com.br\/index.php\/wp-json\/wp\/v2\/posts\/61805\/revisions"}],"predecessor-version":[{"id":61811,"href":"https:\/\/blogdoedvaldomagalhaes.com.br\/index.php\/wp-json\/wp\/v2\/posts\/61805\/revisions\/61811"}],"wp:featuredmedia":[{"embeddable":true,"href":"https:\/\/blogdoedvaldomagalhaes.com.br\/index.php\/wp-json\/wp\/v2\/media\/61806"}],"wp:attachment":[{"href":"https:\/\/blogdoedvaldomagalhaes.com.br\/index.php\/wp-json\/wp\/v2\/media?parent=61805"}],"wp:term":[{"taxonomy":"category","embeddable":true,"href":"https:\/\/blogdoedvaldomagalhaes.com.br\/index.php\/wp-json\/wp\/v2\/categories?post=61805"},{"taxonomy":"post_tag","embeddable":true,"href":"https:\/\/blogdoedvaldomagalhaes.com.br\/index.php\/wp-json\/wp\/v2\/tags?post=61805"}],"curies":[{"name":"wp","href":"https:\/\/api.w.org\/{rel}","templated":true}]}}