{"id":61802,"date":"2020-09-25T09:18:07","date_gmt":"2020-09-25T12:18:07","guid":{"rendered":"https:\/\/blogdoedvaldomagalhaes.com.br\/?p=61802"},"modified":"2020-09-25T09:18:08","modified_gmt":"2020-09-25T12:18:08","slug":"retomadas-em-caruaru-obras-do-parque-janelas-para-o-rio","status":"publish","type":"post","link":"https:\/\/blogdoedvaldomagalhaes.com.br\/index.php\/2020\/09\/25\/retomadas-em-caruaru-obras-do-parque-janelas-para-o-rio\/","title":{"rendered":"Retomadas em Caruaru obras do Parque \u2018Janelas para o Rio\u2019"},"content":{"rendered":"<p style=\"text-align: justify;\">As obras do Parque Ambiental \u2018Janelas para o Rio\u2019, em Caruaru, Agreste de Pernambuco, foram retomadas neste m\u00eas de setembro. A constru\u00e7\u00e3o fica no terreno da Escola Municipal Altair Nunes Porto, no bairro do Cedro.<\/p>\n<p style=\"text-align: justify;\">Os trabalhos, que estavam parados por causa da pandemia do novo coronav\u00edrus, est\u00e3o com cerca de 30% de execu\u00e7\u00e3o. A \u00e1rea possui mais de seis hectares, onde tr\u00eas s\u00e3o voltadas para \u00e1rea de reflorestamento.<\/p>\n<p style=\"text-align: justify;\">No momento, os trabalhos se concentram na requalifica\u00e7\u00e3o do local com a realiza\u00e7\u00e3o de servi\u00e7os de limpeza, constru\u00e7\u00e3o de mureta para o alambrado e meio fio. A iniciativa tem como objetivo revitalizar a bacia do Rio Ipojuca.<\/p>\n","protected":false},"excerpt":{"rendered":"<p>As obras do Parque Ambiental \u2018Janelas para o Rio\u2019, em Caruaru, Agreste de Pernambuco, foram retomadas neste m\u00eas de setembro.&hellip;<\/p>\n","protected":false},"author":1,"featured_media":61803,"comment_status":"open","ping_status":"open","sticky":false,"template":"","format":"standard","meta":{"footnotes":""},"categories":[14120],"tags":[2,19532,19649],"class_list":["post-61802","post","type-post","status-publish","format-standard","has-post-thumbnail","hentry","category-noticias","tag-blog-do-edvaldo-magalhaes","tag-blog-mais-acessado-e-visualizado-de-caruaru-e-regiao","tag-retomadas-em-caruaru-obras-do-parque-janelas-para-o-rio"],"_links":{"self":[{"href":"https:\/\/blogdoedvaldomagalhaes.com.br\/index.php\/wp-json\/wp\/v2\/posts\/61802","targetHints":{"allow":["GET"]}}],"collection":[{"href":"https:\/\/blogdoedvaldomagalhaes.com.br\/index.php\/wp-json\/wp\/v2\/posts"}],"about":[{"href":"https:\/\/blogdoedvaldomagalhaes.com.br\/index.php\/wp-json\/wp\/v2\/types\/post"}],"author":[{"embeddable":true,"href":"https:\/\/blogdoedvaldomagalhaes.com.br\/index.php\/wp-json\/wp\/v2\/users\/1"}],"replies":[{"embeddable":true,"href":"https:\/\/blogdoedvaldomagalhaes.com.br\/index.php\/wp-json\/wp\/v2\/comments?post=61802"}],"version-history":[{"count":1,"href":"https:\/\/blogdoedvaldomagalhaes.com.br\/index.php\/wp-json\/wp\/v2\/posts\/61802\/revisions"}],"predecessor-version":[{"id":61804,"href":"https:\/\/blogdoedvaldomagalhaes.com.br\/index.php\/wp-json\/wp\/v2\/posts\/61802\/revisions\/61804"}],"wp:featuredmedia":[{"embeddable":true,"href":"https:\/\/blogdoedvaldomagalhaes.com.br\/index.php\/wp-json\/wp\/v2\/media\/61803"}],"wp:attachment":[{"href":"https:\/\/blogdoedvaldomagalhaes.com.br\/index.php\/wp-json\/wp\/v2\/media?parent=61802"}],"wp:term":[{"taxonomy":"category","embeddable":true,"href":"https:\/\/blogdoedvaldomagalhaes.com.br\/index.php\/wp-json\/wp\/v2\/categories?post=61802"},{"taxonomy":"post_tag","embeddable":true,"href":"https:\/\/blogdoedvaldomagalhaes.com.br\/index.php\/wp-json\/wp\/v2\/tags?post=61802"}],"curies":[{"name":"wp","href":"https:\/\/api.w.org\/{rel}","templated":true}]}}