{"id":618,"date":"2018-11-25T00:29:00","date_gmt":"2018-11-25T02:29:00","guid":{"rendered":"http:\/\/blogdoedvaldomagalhaes.com.br\/index.php\/2018\/11\/25\/mototaxista-assassinado-em-caruaru\/"},"modified":"2019-02-09T02:42:50","modified_gmt":"2019-02-09T04:42:50","slug":"mototaxista-assassinado-em-caruaru","status":"publish","type":"post","link":"https:\/\/blogdoedvaldomagalhaes.com.br\/index.php\/2018\/11\/25\/mototaxista-assassinado-em-caruaru\/","title":{"rendered":"Mototaxista assassinado em Caruaru"},"content":{"rendered":"<div class=\"separator\" style=\"clear: both; text-align: center;\">\n<a href=\"https:\/\/2.bp.blogspot.com\/-U3m50AzYA4c\/W_nsgsuJZjI\/AAAAAAAA-SY\/LBwK2QW-QE8BEZo2HhPkH1VfotEeqaIvgCLcBGAs\/s1600\/IMG-20181124-WA0073.jpg\" imageanchor=\"1\" style=\"margin-left: 1em; margin-right: 1em;\"><img loading=\"lazy\" decoding=\"async\" border=\"0\" data-original-height=\"774\" data-original-width=\"1032\" height=\"480\" src=\"http:\/\/blogdoedvaldomagalhaes.com.br\/wp-content\/uploads\/2018\/11\/IMG-20181124-WA0073.jpg\" width=\"640\" \/><\/a><\/div>\n<p><\/p>\n<div style=\"text-align: justify;\">\nUm ex-presidi\u00e1rio foi assassinado a tiros na noite deste s\u00e1bado (24), no bairro Cidade Jardim, em Caruaru, Agreste pernambucano. O crime aconteceu na Rua R-5. Segundo informa\u00e7\u00f5es, a v\u00edtima&nbsp;estava com sua motocicleta Fan DE placa KHA-5333, e parou em frente de sua casa, possivelmente tentando fugir, mas a cerca de 200 metros tombou sem vida, ap\u00f3s ser atingida por disparos de arma, que foram disparados por dois indiv\u00edduos que estavam em uma motocicleta Bros de cor vermelha, que fugiram sem ser identificados.<\/p>\n<div class=\"separator\" style=\"clear: both; text-align: center;\">\n<a href=\"https:\/\/4.bp.blogspot.com\/-jTplZvruE4A\/W_rurp6thgI\/AAAAAAAA-Ug\/MuO2yBWO-lA8bUuaGRBEthg7cn34xKjwgCLcBGAs\/s1600\/moto.jpg\" imageanchor=\"1\" style=\"margin-left: 1em; margin-right: 1em;\"><img loading=\"lazy\" decoding=\"async\" border=\"0\" data-original-height=\"1200\" data-original-width=\"1600\" height=\"480\" src=\"http:\/\/blogdoedvaldomagalhaes.com.br\/wp-content\/uploads\/2018\/11\/moto.jpg\" width=\"640\" \/><\/a><\/div>\n<p><\/p>\n<div class=\"separator\" style=\"clear: both; text-align: center;\">\n<a href=\"https:\/\/4.bp.blogspot.com\/-VFU0urDR7Lo\/W_rrqULpASI\/AAAAAAAA-UM\/s1ZRzWTDOHEqLYm04nESJ1o4xhOHhNHEQCLcBGAs\/s1600\/homi.jpg\" imageanchor=\"1\" style=\"margin-left: 1em; margin-right: 1em;\"><img loading=\"lazy\" decoding=\"async\" border=\"0\" data-original-height=\"539\" data-original-width=\"960\" height=\"354\" src=\"http:\/\/blogdoedvaldomagalhaes.com.br\/wp-content\/uploads\/2018\/11\/homi.jpg\" width=\"640\" \/><\/a><\/div>\n<p><\/div>\n<div style=\"background-color: white; box-sizing: border-box; line-height: 23px; margin-bottom: 10px; text-align: justify;\">\nJoacleydson Alves Cavalcante tinha 41 anos, conhecido por \u201cGrilo\u201d, era mototaxista atualmente. Ele havia sido preso em 2016 durante uma opera\u00e7\u00e3o policial. Dois homens em uma moto praticaram o crime.<\/p>\n<p><\/p>\n<div class=\"separator\" style=\"clear: both; text-align: center;\">\n<a href=\"https:\/\/2.bp.blogspot.com\/-G8dRtB0dCAs\/W_rl8svn6WI\/AAAAAAAA-To\/eTmBmClwVTg8Fg_EcuXJN00zs_hfdSaRACLcBGAs\/s1600\/homicidio.jpg\" imageanchor=\"1\" style=\"margin-left: 1em; margin-right: 1em;\"><img loading=\"lazy\" decoding=\"async\" border=\"0\" data-original-height=\"480\" data-original-width=\"640\" height=\"480\" src=\"http:\/\/blogdoedvaldomagalhaes.com.br\/wp-content\/uploads\/2018\/11\/homicidio.jpg\" width=\"640\" \/><\/a><\/div>\n<p><\/div>\n<div style=\"background-color: white; box-sizing: border-box; line-height: 23px; margin-bottom: 10px; text-align: justify;\">\nO corpo foi levado para o Instituto de Medicina Legal (IML). Este \u00e9 o nono homic\u00eddio do m\u00eas de novembro em Caruaru. Neste ano de 2018 j\u00e1 s\u00e3o 149 pessoas assassinadas no munic\u00edpio.<\/p>\n<\/div>\n","protected":false},"excerpt":{"rendered":"<p>Um ex-presidi\u00e1rio foi assassinado a tiros na noite deste s\u00e1bado (24), no bairro Cidade Jardim, em Caruaru, Agreste pernambucano. O&hellip;<\/p>\n","protected":false},"author":1,"featured_media":0,"comment_status":"open","ping_status":"open","sticky":false,"template":"","format":"standard","meta":{"footnotes":""},"categories":[1],"tags":[546,547,2,548,13],"class_list":["post-618","post","type-post","status-publish","format-standard","hentry","category-sem-categoria","tag-agreste-de-pernambuco","tag-bairro-cidade-jardim","tag-blog-do-edvaldo-magalhaes","tag-mototaxista-assassinado-em-caruaru","tag-policial"],"_links":{"self":[{"href":"https:\/\/blogdoedvaldomagalhaes.com.br\/index.php\/wp-json\/wp\/v2\/posts\/618","targetHints":{"allow":["GET"]}}],"collection":[{"href":"https:\/\/blogdoedvaldomagalhaes.com.br\/index.php\/wp-json\/wp\/v2\/posts"}],"about":[{"href":"https:\/\/blogdoedvaldomagalhaes.com.br\/index.php\/wp-json\/wp\/v2\/types\/post"}],"author":[{"embeddable":true,"href":"https:\/\/blogdoedvaldomagalhaes.com.br\/index.php\/wp-json\/wp\/v2\/users\/1"}],"replies":[{"embeddable":true,"href":"https:\/\/blogdoedvaldomagalhaes.com.br\/index.php\/wp-json\/wp\/v2\/comments?post=618"}],"version-history":[{"count":1,"href":"https:\/\/blogdoedvaldomagalhaes.com.br\/index.php\/wp-json\/wp\/v2\/posts\/618\/revisions"}],"predecessor-version":[{"id":36149,"href":"https:\/\/blogdoedvaldomagalhaes.com.br\/index.php\/wp-json\/wp\/v2\/posts\/618\/revisions\/36149"}],"wp:attachment":[{"href":"https:\/\/blogdoedvaldomagalhaes.com.br\/index.php\/wp-json\/wp\/v2\/media?parent=618"}],"wp:term":[{"taxonomy":"category","embeddable":true,"href":"https:\/\/blogdoedvaldomagalhaes.com.br\/index.php\/wp-json\/wp\/v2\/categories?post=618"},{"taxonomy":"post_tag","embeddable":true,"href":"https:\/\/blogdoedvaldomagalhaes.com.br\/index.php\/wp-json\/wp\/v2\/tags?post=618"}],"curies":[{"name":"wp","href":"https:\/\/api.w.org\/{rel}","templated":true}]}}