{"id":61799,"date":"2020-09-25T08:36:57","date_gmt":"2020-09-25T11:36:57","guid":{"rendered":"https:\/\/blogdoedvaldomagalhaes.com.br\/?p=61799"},"modified":"2020-09-25T08:36:57","modified_gmt":"2020-09-25T11:36:57","slug":"professores-da-rede-estadual-decretam-estado-de-greve-em-pernambuco","status":"publish","type":"post","link":"https:\/\/blogdoedvaldomagalhaes.com.br\/index.php\/2020\/09\/25\/professores-da-rede-estadual-decretam-estado-de-greve-em-pernambuco\/","title":{"rendered":"Professores da rede estadual decretam estado de greve em Pernambuco"},"content":{"rendered":"<p style=\"text-align: justify;\">Os professores da rede estadual de ensino de Pernambuco decretaram estado de greve, em assembleia realizada nesta quinta-feira (24). Cerca de 2 mil profissionais participaram da reuni\u00e3o remota, promovida pelo Sindicato dos Trabalhadores em Educa\u00e7\u00e3o de Pernambuco (Sintepe).<\/p>\n<p style=\"text-align: justify;\">Com a decis\u00e3o, os profissionais optaram por n\u00e3o retornar \u00e0s atividades presenciais em 6 de outubro, conforme anunciado na \u00faltima segunda-feira (21) pelo Governo do Estado.<\/p>\n<p style=\"text-align: justify;\">Um dos primeiros setores a suspender as atividades logo no in\u00edcio da pandemia da covid-19, as escolas de Pernambuco est\u00e3o com as aulas presenciais interrompidas desde 18 de mar\u00e7o. Ap\u00f3s pouco mais de seis meses de suspens\u00e3o, o Estado anunciou, a retomada.<\/p>\n<p style=\"text-align: justify;\"><em>NOTA DO SINTEPE<\/em><\/p>\n<p style=\"text-align: justify;\"><em>Estado de Greve<\/em><\/p>\n<p style=\"text-align: justify;\"><em>Em Assembleia Geral virtual realizada na tarde desta quinta-feira, 24 de setembro de 2020, Trabalhadores e Trabalhadoras em Educa\u00e7\u00e3o, representados pelo Sintepe, aprovaram os seguintes encaminhamentos:<\/em><\/p>\n<p style=\"text-align: justify;\"><em>1. N\u00e3o retornar \u00e0s atividades presenciais na rede estadual de ensino;<\/em><\/p>\n<p style=\"text-align: justify;\"><em>2. Divulgar amplamente o parecer da Rede Solid\u00e1ria em Defesa da Vida contra o retorno \u00e0s aulas presenciais no Estado de Pernambuco;<\/em><\/p>\n<p style=\"text-align: justify;\"><em>3. Entrar com a\u00e7\u00e3o jur\u00eddica contra o retorno \u00e0s atividades presenciais na rede estadual de ensino;<\/em><\/p>\n<p style=\"text-align: justify;\"><em>4. Estado de Greve;<\/em><\/p>\n<p style=\"text-align: justify;\"><em>5. Participar de reuni\u00e3o com a Secretaria de Educa\u00e7\u00e3o na pr\u00f3xima segunda-feira, 28 de setembro;<\/em><\/p>\n<p style=\"text-align: justify;\"><em>6. Realizar mais uma Assembleia Geral virtual na quarta-feira, 30 de setembro \u00e0s 14h30;<\/em><\/p>\n<p style=\"text-align: justify;\"><em>O Sintepe solicita que Trabalhadores\/as em Educa\u00e7\u00e3o de demais interessados\/as acompanhem \u00e0s redes sociais do Sindicato para permanecerem informados.\u00a0<\/em><\/p>\n<p style=\"text-align: justify;\"><em>A dire\u00e7\u00e3o<\/em><\/p>\n","protected":false},"excerpt":{"rendered":"<p>Os professores da rede estadual de ensino de Pernambuco decretaram estado de greve, em assembleia realizada nesta quinta-feira (24). Cerca&hellip;<\/p>\n","protected":false},"author":1,"featured_media":61800,"comment_status":"open","ping_status":"open","sticky":false,"template":"","format":"standard","meta":{"footnotes":""},"categories":[14120],"tags":[2,19532,19648],"class_list":["post-61799","post","type-post","status-publish","format-standard","has-post-thumbnail","hentry","category-noticias","tag-blog-do-edvaldo-magalhaes","tag-blog-mais-acessado-e-visualizado-de-caruaru-e-regiao","tag-professores-da-rede-estadual-decretam-estado-de-greve-em-pernambuco"],"_links":{"self":[{"href":"https:\/\/blogdoedvaldomagalhaes.com.br\/index.php\/wp-json\/wp\/v2\/posts\/61799","targetHints":{"allow":["GET"]}}],"collection":[{"href":"https:\/\/blogdoedvaldomagalhaes.com.br\/index.php\/wp-json\/wp\/v2\/posts"}],"about":[{"href":"https:\/\/blogdoedvaldomagalhaes.com.br\/index.php\/wp-json\/wp\/v2\/types\/post"}],"author":[{"embeddable":true,"href":"https:\/\/blogdoedvaldomagalhaes.com.br\/index.php\/wp-json\/wp\/v2\/users\/1"}],"replies":[{"embeddable":true,"href":"https:\/\/blogdoedvaldomagalhaes.com.br\/index.php\/wp-json\/wp\/v2\/comments?post=61799"}],"version-history":[{"count":1,"href":"https:\/\/blogdoedvaldomagalhaes.com.br\/index.php\/wp-json\/wp\/v2\/posts\/61799\/revisions"}],"predecessor-version":[{"id":61801,"href":"https:\/\/blogdoedvaldomagalhaes.com.br\/index.php\/wp-json\/wp\/v2\/posts\/61799\/revisions\/61801"}],"wp:featuredmedia":[{"embeddable":true,"href":"https:\/\/blogdoedvaldomagalhaes.com.br\/index.php\/wp-json\/wp\/v2\/media\/61800"}],"wp:attachment":[{"href":"https:\/\/blogdoedvaldomagalhaes.com.br\/index.php\/wp-json\/wp\/v2\/media?parent=61799"}],"wp:term":[{"taxonomy":"category","embeddable":true,"href":"https:\/\/blogdoedvaldomagalhaes.com.br\/index.php\/wp-json\/wp\/v2\/categories?post=61799"},{"taxonomy":"post_tag","embeddable":true,"href":"https:\/\/blogdoedvaldomagalhaes.com.br\/index.php\/wp-json\/wp\/v2\/tags?post=61799"}],"curies":[{"name":"wp","href":"https:\/\/api.w.org\/{rel}","templated":true}]}}