{"id":61795,"date":"2020-09-24T22:44:42","date_gmt":"2020-09-25T01:44:42","guid":{"rendered":"https:\/\/blogdoedvaldomagalhaes.com.br\/?p=61795"},"modified":"2020-09-24T22:44:42","modified_gmt":"2020-09-25T01:44:42","slug":"marcelo-rodrigues-assina-carta-de-compromisso-com-o-programa-cidades-sustentaveis","status":"publish","type":"post","link":"https:\/\/blogdoedvaldomagalhaes.com.br\/index.php\/2020\/09\/24\/marcelo-rodrigues-assina-carta-de-compromisso-com-o-programa-cidades-sustentaveis\/","title":{"rendered":"Marcelo Rodrigues assina carta de compromisso com o programa Cidades Sustent\u00e1veis"},"content":{"rendered":"<p style=\"text-align: justify;\">O pr\u00e9-candidato \u00e0 prefeitura de Caruaru pelo PT, Marcelo Rodrigues, assinou na manh\u00e3 de hoje (24), uma carta de compromisso com o programa Cidades Sustent\u00e1veis. O plano \u00e9 estruturado em 12 eixos tem\u00e1ticos, alinhados aos Objetivos de Desenvolvimento Sustent\u00e1vel (ODS), das Organiza\u00e7\u00f5es das Na\u00e7\u00f5es Unidas (ONU), e oferece ferramentas e metodologias de apoio \u00e0 gest\u00e3o p\u00fablica e ao planejamento urbano integrado, al\u00e9m de mecanismos de controle social e est\u00edmulo \u00e0 participa\u00e7\u00e3o cidad\u00e3.<\/p>\n<p style=\"text-align: justify;\">Durante a assinatura da carta, o petista esteve acompanhado por Jo\u00e3o Luiz Aleixo da Silva, o Lula do Mel, como \u00e9 mais conhecido. Ele \u00e9 caruaruense, fundador do projeto \u201cSem Abelhas, Sem Alimentos\u201d e cuja vida \u00e9 dedicada \u00e0 preserva\u00e7\u00e3o da natureza. Lula \u00e9 o respons\u00e1vel pelo Solar das Abelhas, localizado no S\u00edtio Barra de Taquara, zona rural de Caruaru.<\/p>\n<p style=\"text-align: justify;\">\u201cHoje, por meio dessa assinatura, reafirmo meu compromisso com a implementa\u00e7\u00e3o de pol\u00edticas p\u00fablicas que contribuam para o enfrentamento da desigualdade social e para a constru\u00e7\u00e3o de cidades mais justas e sustent\u00e1veis. Caruaru s\u00f3 tem a ganhar\u201d, disse Rodrigues, que tamb\u00e9m \u00e9 ambientalista.<\/p>\n","protected":false},"excerpt":{"rendered":"<p>O pr\u00e9-candidato \u00e0 prefeitura de Caruaru pelo PT, Marcelo Rodrigues, assinou na manh\u00e3 de hoje (24), uma carta de compromisso&hellip;<\/p>\n","protected":false},"author":1,"featured_media":61796,"comment_status":"open","ping_status":"open","sticky":false,"template":"","format":"standard","meta":{"footnotes":""},"categories":[14122],"tags":[2,19532,19647,20],"class_list":["post-61795","post","type-post","status-publish","format-standard","has-post-thumbnail","hentry","category-politica","tag-blog-do-edvaldo-magalhaes","tag-blog-mais-acessado-e-visualizado-de-caruaru-e-regiao","tag-marcelo-rodrigues-assina-carta-de-compromisso-com-o-programa-cidades-sustentaveis","tag-politica"],"_links":{"self":[{"href":"https:\/\/blogdoedvaldomagalhaes.com.br\/index.php\/wp-json\/wp\/v2\/posts\/61795","targetHints":{"allow":["GET"]}}],"collection":[{"href":"https:\/\/blogdoedvaldomagalhaes.com.br\/index.php\/wp-json\/wp\/v2\/posts"}],"about":[{"href":"https:\/\/blogdoedvaldomagalhaes.com.br\/index.php\/wp-json\/wp\/v2\/types\/post"}],"author":[{"embeddable":true,"href":"https:\/\/blogdoedvaldomagalhaes.com.br\/index.php\/wp-json\/wp\/v2\/users\/1"}],"replies":[{"embeddable":true,"href":"https:\/\/blogdoedvaldomagalhaes.com.br\/index.php\/wp-json\/wp\/v2\/comments?post=61795"}],"version-history":[{"count":1,"href":"https:\/\/blogdoedvaldomagalhaes.com.br\/index.php\/wp-json\/wp\/v2\/posts\/61795\/revisions"}],"predecessor-version":[{"id":61797,"href":"https:\/\/blogdoedvaldomagalhaes.com.br\/index.php\/wp-json\/wp\/v2\/posts\/61795\/revisions\/61797"}],"wp:featuredmedia":[{"embeddable":true,"href":"https:\/\/blogdoedvaldomagalhaes.com.br\/index.php\/wp-json\/wp\/v2\/media\/61796"}],"wp:attachment":[{"href":"https:\/\/blogdoedvaldomagalhaes.com.br\/index.php\/wp-json\/wp\/v2\/media?parent=61795"}],"wp:term":[{"taxonomy":"category","embeddable":true,"href":"https:\/\/blogdoedvaldomagalhaes.com.br\/index.php\/wp-json\/wp\/v2\/categories?post=61795"},{"taxonomy":"post_tag","embeddable":true,"href":"https:\/\/blogdoedvaldomagalhaes.com.br\/index.php\/wp-json\/wp\/v2\/tags?post=61795"}],"curies":[{"name":"wp","href":"https:\/\/api.w.org\/{rel}","templated":true}]}}