{"id":61791,"date":"2020-09-24T22:32:50","date_gmt":"2020-09-25T01:32:50","guid":{"rendered":"https:\/\/blogdoedvaldomagalhaes.com.br\/?p=61791"},"modified":"2020-09-24T22:36:29","modified_gmt":"2020-09-25T01:36:29","slug":"lessa-destaca-ideias-para-a-causa-animal","status":"publish","type":"post","link":"https:\/\/blogdoedvaldomagalhaes.com.br\/index.php\/2020\/09\/24\/lessa-destaca-ideias-para-a-causa-animal\/","title":{"rendered":"Lessa destaca ideias para a causa animal"},"content":{"rendered":"<p style=\"text-align: justify;\"><span style=\"font-size: inherit;\">Na noite da quarta-feira (23), Lessa se reuniu com protetores de animais n\u00e3o-humanos para debater assuntos referentes \u00e0 causa animal.<\/span><\/p>\n<p style=\"text-align: justify;\">Na reuni\u00e3o, foi debatida a implementa\u00e7\u00e3o de pol\u00edticas p\u00fablicas voltadas para os animais em vulnerabilidade, bem como para os protetores e para os profissionais que atuam no setor, destacando a regula\u00e7\u00e3o, a fiscaliza\u00e7\u00e3o e o monitoramento como linhas de a\u00e7\u00e3o eficazes referentes \u00e0 causa.<\/p>\n<p style=\"text-align: justify;\">De acordo com Lessa, as a\u00e7\u00f5es espec\u00edficas realizadas em prol dos animais n\u00e3o-humanas repercutem em toda a sociedade. \u201cEntendemos que a constru\u00e7\u00e3o de uma sociedade mais digna e justa passa pelo respeito \u00e0 causa animal, tornando o ambiente urbano em um espa\u00e7o de conv\u00edvio harmonioso entre todos os seres vivos\u201d, expressa.<\/p>\n","protected":false},"excerpt":{"rendered":"<p>Na noite da quarta-feira (23), Lessa se reuniu com protetores de animais n\u00e3o-humanos para debater assuntos referentes \u00e0 causa animal.&hellip;<\/p>\n","protected":false},"author":1,"featured_media":61792,"comment_status":"open","ping_status":"open","sticky":false,"template":"","format":"standard","meta":{"footnotes":""},"categories":[14122],"tags":[2,19532,9402,19646,20],"class_list":["post-61791","post","type-post","status-publish","format-standard","has-post-thumbnail","hentry","category-politica","tag-blog-do-edvaldo-magalhaes","tag-blog-mais-acessado-e-visualizado-de-caruaru-e-regiao","tag-erick-lessa","tag-lessa-destaca-ideias-para-a-causa-animal","tag-politica"],"_links":{"self":[{"href":"https:\/\/blogdoedvaldomagalhaes.com.br\/index.php\/wp-json\/wp\/v2\/posts\/61791","targetHints":{"allow":["GET"]}}],"collection":[{"href":"https:\/\/blogdoedvaldomagalhaes.com.br\/index.php\/wp-json\/wp\/v2\/posts"}],"about":[{"href":"https:\/\/blogdoedvaldomagalhaes.com.br\/index.php\/wp-json\/wp\/v2\/types\/post"}],"author":[{"embeddable":true,"href":"https:\/\/blogdoedvaldomagalhaes.com.br\/index.php\/wp-json\/wp\/v2\/users\/1"}],"replies":[{"embeddable":true,"href":"https:\/\/blogdoedvaldomagalhaes.com.br\/index.php\/wp-json\/wp\/v2\/comments?post=61791"}],"version-history":[{"count":2,"href":"https:\/\/blogdoedvaldomagalhaes.com.br\/index.php\/wp-json\/wp\/v2\/posts\/61791\/revisions"}],"predecessor-version":[{"id":61794,"href":"https:\/\/blogdoedvaldomagalhaes.com.br\/index.php\/wp-json\/wp\/v2\/posts\/61791\/revisions\/61794"}],"wp:featuredmedia":[{"embeddable":true,"href":"https:\/\/blogdoedvaldomagalhaes.com.br\/index.php\/wp-json\/wp\/v2\/media\/61792"}],"wp:attachment":[{"href":"https:\/\/blogdoedvaldomagalhaes.com.br\/index.php\/wp-json\/wp\/v2\/media?parent=61791"}],"wp:term":[{"taxonomy":"category","embeddable":true,"href":"https:\/\/blogdoedvaldomagalhaes.com.br\/index.php\/wp-json\/wp\/v2\/categories?post=61791"},{"taxonomy":"post_tag","embeddable":true,"href":"https:\/\/blogdoedvaldomagalhaes.com.br\/index.php\/wp-json\/wp\/v2\/tags?post=61791"}],"curies":[{"name":"wp","href":"https:\/\/api.w.org\/{rel}","templated":true}]}}