{"id":61787,"date":"2020-09-24T22:19:24","date_gmt":"2020-09-25T01:19:24","guid":{"rendered":"https:\/\/blogdoedvaldomagalhaes.com.br\/?p=61787"},"modified":"2020-09-24T22:58:04","modified_gmt":"2020-09-25T01:58:04","slug":"raquel-lyra-debate-propostas-com-agentes-da-cultura-de-caruaru","status":"publish","type":"post","link":"https:\/\/blogdoedvaldomagalhaes.com.br\/index.php\/2020\/09\/24\/raquel-lyra-debate-propostas-com-agentes-da-cultura-de-caruaru\/","title":{"rendered":"Raquel Lyra debate propostas com agentes da Cultura de Caruaru"},"content":{"rendered":"<p style=\"text-align: justify;\"><span style=\"font-size: inherit;\">A pr\u00e9-candidata \u00e0 reelei\u00e7\u00e3o em Caruaru, Raquel Lyra (PSDB), fez mais um debate na noite desta quarta-feira (23). Desta vez, artistas e agentes da Cultura caruaruense estiveram presentes, propondo ideias e sugest\u00f5es para as pol\u00edticas culturais no plano de governo. O encontro, respeitando todos os protocolos sanit\u00e1rios, discutiu temas como turismo de experi\u00eancia, equipamentos culturais e eventos art\u00edsticos.<\/span><\/p>\n<p style=\"text-align: justify;\">&#8220;N\u00f3s estamos fazendo uma discuss\u00e3o para o nosso plano de governo. J\u00e1 fizemos isso antes e estamos come\u00e7ando agora de novo. N\u00f3s avan\u00e7amos nas pol\u00edticas culturais do nosso munic\u00edpio, realizamos debates ao longo de toda gest\u00e3o. Resgatamos nossos patrim\u00f4nios e democratizamos o acesso aos eventos atrav\u00e9s de editais&#8221;, pontuou Raquel.<\/p>\n<p style=\"text-align: justify;\">O artes\u00e3o e mestre Luiz Ant\u00f4nio, um dos primeiros patrim\u00f4nios vivos de Caruaru, esteve presente na ocasi\u00e3o e destacou a import\u00e2ncia da valoriza\u00e7\u00e3o da Cultura no munic\u00edpio. &#8220;N\u00e3o tivemos esse reconhecimento antes. Hoje, sou um dos patrim\u00f4nios vivos e o Alto do Moura est\u00e1 todo lindo para receber os turistas&#8221;.<\/p>\n<p style=\"text-align: justify;\">Raquel Lyra est\u00e1 em constante di\u00e1logo com a popula\u00e7\u00e3o, e agora refor\u00e7a a intera\u00e7\u00e3o com a plataforma online \u201cDiz A\u00ed, Caruaru\u201d, que pode ser acessada pelo link www.dizaicaruaru.com.br. Tamb\u00e9m \u00e9 poss\u00edvel entrar em contato com ela atrav\u00e9s do WhatsApp (81) 99150-4554, e acessar o canal no Telegram: https:\/\/t.me\/RaquelLyra.<\/p>\n\n\n<figure class=\"wp-block-image size-large\"><img loading=\"lazy\" decoding=\"async\" width=\"1024\" height=\"682\" src=\"https:\/\/blogdoedvaldomagalhaes.com.br\/wp-content\/uploads\/2020\/09\/IMG-20200923-WA0172-1024x682.jpg\" alt=\"\" class=\"wp-image-61789\" srcset=\"https:\/\/blogdoedvaldomagalhaes.com.br\/wp-content\/uploads\/2020\/09\/IMG-20200923-WA0172-1024x682.jpg 1024w, https:\/\/blogdoedvaldomagalhaes.com.br\/wp-content\/uploads\/2020\/09\/IMG-20200923-WA0172-300x200.jpg 300w, https:\/\/blogdoedvaldomagalhaes.com.br\/wp-content\/uploads\/2020\/09\/IMG-20200923-WA0172-768x512.jpg 768w, https:\/\/blogdoedvaldomagalhaes.com.br\/wp-content\/uploads\/2020\/09\/IMG-20200923-WA0172.jpg 1280w\" sizes=\"auto, (max-width: 1024px) 100vw, 1024px\" \/><figcaption>Fotos: Jana\u00edna Pepeu<\/figcaption><\/figure>\n","protected":false},"excerpt":{"rendered":"<p>A pr\u00e9-candidata \u00e0 reelei\u00e7\u00e3o em Caruaru, Raquel Lyra (PSDB), fez mais um debate na noite desta quarta-feira (23). Desta vez,&hellip;<\/p>\n","protected":false},"author":1,"featured_media":61788,"comment_status":"open","ping_status":"open","sticky":false,"template":"","format":"standard","meta":{"footnotes":""},"categories":[14122],"tags":[2,19532,20,19645],"class_list":["post-61787","post","type-post","status-publish","format-standard","has-post-thumbnail","hentry","category-politica","tag-blog-do-edvaldo-magalhaes","tag-blog-mais-acessado-e-visualizado-de-caruaru-e-regiao","tag-politica","tag-raquel-lyra-debate-propostas-com-agentes-da-cultura-de-caruaru"],"_links":{"self":[{"href":"https:\/\/blogdoedvaldomagalhaes.com.br\/index.php\/wp-json\/wp\/v2\/posts\/61787","targetHints":{"allow":["GET"]}}],"collection":[{"href":"https:\/\/blogdoedvaldomagalhaes.com.br\/index.php\/wp-json\/wp\/v2\/posts"}],"about":[{"href":"https:\/\/blogdoedvaldomagalhaes.com.br\/index.php\/wp-json\/wp\/v2\/types\/post"}],"author":[{"embeddable":true,"href":"https:\/\/blogdoedvaldomagalhaes.com.br\/index.php\/wp-json\/wp\/v2\/users\/1"}],"replies":[{"embeddable":true,"href":"https:\/\/blogdoedvaldomagalhaes.com.br\/index.php\/wp-json\/wp\/v2\/comments?post=61787"}],"version-history":[{"count":2,"href":"https:\/\/blogdoedvaldomagalhaes.com.br\/index.php\/wp-json\/wp\/v2\/posts\/61787\/revisions"}],"predecessor-version":[{"id":61798,"href":"https:\/\/blogdoedvaldomagalhaes.com.br\/index.php\/wp-json\/wp\/v2\/posts\/61787\/revisions\/61798"}],"wp:featuredmedia":[{"embeddable":true,"href":"https:\/\/blogdoedvaldomagalhaes.com.br\/index.php\/wp-json\/wp\/v2\/media\/61788"}],"wp:attachment":[{"href":"https:\/\/blogdoedvaldomagalhaes.com.br\/index.php\/wp-json\/wp\/v2\/media?parent=61787"}],"wp:term":[{"taxonomy":"category","embeddable":true,"href":"https:\/\/blogdoedvaldomagalhaes.com.br\/index.php\/wp-json\/wp\/v2\/categories?post=61787"},{"taxonomy":"post_tag","embeddable":true,"href":"https:\/\/blogdoedvaldomagalhaes.com.br\/index.php\/wp-json\/wp\/v2\/tags?post=61787"}],"curies":[{"name":"wp","href":"https:\/\/api.w.org\/{rel}","templated":true}]}}