{"id":61779,"date":"2020-09-24T20:40:16","date_gmt":"2020-09-24T23:40:16","guid":{"rendered":"https:\/\/blogdoedvaldomagalhaes.com.br\/?p=61779"},"modified":"2020-09-24T21:45:32","modified_gmt":"2020-09-25T00:45:32","slug":"ex-presidiario-e-morto-com-varios-em-caruaru-nesta-quinta-feira-24","status":"publish","type":"post","link":"https:\/\/blogdoedvaldomagalhaes.com.br\/index.php\/2020\/09\/24\/ex-presidiario-e-morto-com-varios-em-caruaru-nesta-quinta-feira-24\/","title":{"rendered":"Ex-presidi\u00e1rio \u00e9 morto com v\u00e1rios tiros em Caruaru nesta quinta-feira (24)"},"content":{"rendered":"<p style=\"text-align: justify;\">O ex-presidi\u00e1rio Alex Jos\u00e9 da Silva, de 24 anos, foi assassinado com v\u00e1rios tiros na noite desta quinta-feira (24), no bairro Jos\u00e9 Carlos de Oliveira, em Caruaru.<\/p>\n<p style=\"text-align: justify;\">Segundo informa\u00e7\u00f5es, a v\u00edtima passava pela Rua Lua em uma motocicleta quando foi alvejada por disparos de arma de fogo. Alex morava na rua Quipap\u00e1, Loteamento Dem\u00f3stenes Veras.<\/p>\n<p style=\"text-align: justify;\">A Pol\u00edcia Militar fez o isolamento do local e ap\u00f3s per\u00edcia o corpo ser\u00e1 encaminhado para o Instituto de Medicina Legal (IML).<\/p>\n<p style=\"text-align: justify;\">Esse foi o 5\u00ba homic\u00eddio do m\u00eas de setembro e o 100\u00b0 no ano de 2020, em Caruaru.<\/p>\n\n\n<figure class=\"wp-block-image size-large\"><img loading=\"lazy\" decoding=\"async\" width=\"1024\" height=\"484\" src=\"https:\/\/blogdoedvaldomagalhaes.com.br\/wp-content\/uploads\/2020\/09\/IMG-20200924-WA0197-1024x484.jpg\" alt=\"\" class=\"wp-image-61781\" srcset=\"https:\/\/blogdoedvaldomagalhaes.com.br\/wp-content\/uploads\/2020\/09\/IMG-20200924-WA0197-1024x484.jpg 1024w, https:\/\/blogdoedvaldomagalhaes.com.br\/wp-content\/uploads\/2020\/09\/IMG-20200924-WA0197-300x142.jpg 300w, https:\/\/blogdoedvaldomagalhaes.com.br\/wp-content\/uploads\/2020\/09\/IMG-20200924-WA0197-768x363.jpg 768w, https:\/\/blogdoedvaldomagalhaes.com.br\/wp-content\/uploads\/2020\/09\/IMG-20200924-WA0197.jpg 1040w\" sizes=\"auto, (max-width: 1024px) 100vw, 1024px\" \/><\/figure>\n\n\n\n<figure class=\"wp-block-image size-large\"><img loading=\"lazy\" decoding=\"async\" width=\"927\" height=\"654\" src=\"https:\/\/blogdoedvaldomagalhaes.com.br\/wp-content\/uploads\/2020\/09\/IMG-20200924-WA01922.jpg\" alt=\"\" class=\"wp-image-61784\" srcset=\"https:\/\/blogdoedvaldomagalhaes.com.br\/wp-content\/uploads\/2020\/09\/IMG-20200924-WA01922.jpg 927w, https:\/\/blogdoedvaldomagalhaes.com.br\/wp-content\/uploads\/2020\/09\/IMG-20200924-WA01922-300x212.jpg 300w, https:\/\/blogdoedvaldomagalhaes.com.br\/wp-content\/uploads\/2020\/09\/IMG-20200924-WA01922-768x542.jpg 768w\" sizes=\"auto, (max-width: 927px) 100vw, 927px\" \/><figcaption>Alex Jos\u00e9<\/figcaption><\/figure>\n","protected":false},"excerpt":{"rendered":"<p>O ex-presidi\u00e1rio Alex Jos\u00e9 da Silva, de 24 anos, foi assassinado com v\u00e1rios tiros na noite desta quinta-feira (24), no&hellip;<\/p>\n","protected":false},"author":1,"featured_media":61780,"comment_status":"open","ping_status":"open","sticky":false,"template":"","format":"standard","meta":{"footnotes":""},"categories":[14121],"tags":[2,19532,19163],"class_list":["post-61779","post","type-post","status-publish","format-standard","has-post-thumbnail","hentry","category-policial","tag-blog-do-edvaldo-magalhaes","tag-blog-mais-acessado-e-visualizado-de-caruaru-e-regiao","tag-homicidio-2"],"_links":{"self":[{"href":"https:\/\/blogdoedvaldomagalhaes.com.br\/index.php\/wp-json\/wp\/v2\/posts\/61779","targetHints":{"allow":["GET"]}}],"collection":[{"href":"https:\/\/blogdoedvaldomagalhaes.com.br\/index.php\/wp-json\/wp\/v2\/posts"}],"about":[{"href":"https:\/\/blogdoedvaldomagalhaes.com.br\/index.php\/wp-json\/wp\/v2\/types\/post"}],"author":[{"embeddable":true,"href":"https:\/\/blogdoedvaldomagalhaes.com.br\/index.php\/wp-json\/wp\/v2\/users\/1"}],"replies":[{"embeddable":true,"href":"https:\/\/blogdoedvaldomagalhaes.com.br\/index.php\/wp-json\/wp\/v2\/comments?post=61779"}],"version-history":[{"count":3,"href":"https:\/\/blogdoedvaldomagalhaes.com.br\/index.php\/wp-json\/wp\/v2\/posts\/61779\/revisions"}],"predecessor-version":[{"id":61785,"href":"https:\/\/blogdoedvaldomagalhaes.com.br\/index.php\/wp-json\/wp\/v2\/posts\/61779\/revisions\/61785"}],"wp:featuredmedia":[{"embeddable":true,"href":"https:\/\/blogdoedvaldomagalhaes.com.br\/index.php\/wp-json\/wp\/v2\/media\/61780"}],"wp:attachment":[{"href":"https:\/\/blogdoedvaldomagalhaes.com.br\/index.php\/wp-json\/wp\/v2\/media?parent=61779"}],"wp:term":[{"taxonomy":"category","embeddable":true,"href":"https:\/\/blogdoedvaldomagalhaes.com.br\/index.php\/wp-json\/wp\/v2\/categories?post=61779"},{"taxonomy":"post_tag","embeddable":true,"href":"https:\/\/blogdoedvaldomagalhaes.com.br\/index.php\/wp-json\/wp\/v2\/tags?post=61779"}],"curies":[{"name":"wp","href":"https:\/\/api.w.org\/{rel}","templated":true}]}}