{"id":61776,"date":"2020-09-24T20:14:35","date_gmt":"2020-09-24T23:14:35","guid":{"rendered":"https:\/\/blogdoedvaldomagalhaes.com.br\/?p=61776"},"modified":"2020-09-24T20:14:37","modified_gmt":"2020-09-24T23:14:37","slug":"deputado-tony-gel-apresenta-voto-de-congratulacoes-pelos-60-anos-da-oab-caruaru","status":"publish","type":"post","link":"https:\/\/blogdoedvaldomagalhaes.com.br\/index.php\/2020\/09\/24\/deputado-tony-gel-apresenta-voto-de-congratulacoes-pelos-60-anos-da-oab-caruaru\/","title":{"rendered":"Deputado Tony Gel apresenta Voto de Congratula\u00e7\u00f5es pelos 60 anos da OAB Caruaru"},"content":{"rendered":"<p style=\"text-align: justify;\">O deputado estadual Tony Gel (MDB) apresentou, na sess\u00e3o remota da Assembleia Legislativa de Pernambuco desta quinta-feira (24), um Voto de Congratula\u00e7\u00f5es pelos 60 anos de funda\u00e7\u00e3o da OAB Caruaru. O\u00a0parlamentar lembrou que a primeira diretoria teve como presidente o advogado Darley de Lima Ferreira.<\/p>\n<p style=\"text-align: justify;\">A OAB de Caruaru \u00e9 a maior do Estado, com mais de 3 mil advogados e advogadas inscritos. Al\u00e9m de Caruaru, abrange mais 15 munic\u00edpios do Agreste.<\/p>\n","protected":false},"excerpt":{"rendered":"<p>O deputado estadual Tony Gel (MDB) apresentou, na sess\u00e3o remota da Assembleia Legislativa de Pernambuco desta quinta-feira (24), um Voto&hellip;<\/p>\n","protected":false},"author":1,"featured_media":61777,"comment_status":"open","ping_status":"open","sticky":false,"template":"","format":"standard","meta":{"footnotes":""},"categories":[14122],"tags":[2,19532,19642],"class_list":["post-61776","post","type-post","status-publish","format-standard","has-post-thumbnail","hentry","category-politica","tag-blog-do-edvaldo-magalhaes","tag-blog-mais-acessado-e-visualizado-de-caruaru-e-regiao","tag-deputado-tony-gel-apresenta-voto-de-congratulacoes-pelos-60-anos-da-oab-caruaru"],"_links":{"self":[{"href":"https:\/\/blogdoedvaldomagalhaes.com.br\/index.php\/wp-json\/wp\/v2\/posts\/61776","targetHints":{"allow":["GET"]}}],"collection":[{"href":"https:\/\/blogdoedvaldomagalhaes.com.br\/index.php\/wp-json\/wp\/v2\/posts"}],"about":[{"href":"https:\/\/blogdoedvaldomagalhaes.com.br\/index.php\/wp-json\/wp\/v2\/types\/post"}],"author":[{"embeddable":true,"href":"https:\/\/blogdoedvaldomagalhaes.com.br\/index.php\/wp-json\/wp\/v2\/users\/1"}],"replies":[{"embeddable":true,"href":"https:\/\/blogdoedvaldomagalhaes.com.br\/index.php\/wp-json\/wp\/v2\/comments?post=61776"}],"version-history":[{"count":1,"href":"https:\/\/blogdoedvaldomagalhaes.com.br\/index.php\/wp-json\/wp\/v2\/posts\/61776\/revisions"}],"predecessor-version":[{"id":61778,"href":"https:\/\/blogdoedvaldomagalhaes.com.br\/index.php\/wp-json\/wp\/v2\/posts\/61776\/revisions\/61778"}],"wp:featuredmedia":[{"embeddable":true,"href":"https:\/\/blogdoedvaldomagalhaes.com.br\/index.php\/wp-json\/wp\/v2\/media\/61777"}],"wp:attachment":[{"href":"https:\/\/blogdoedvaldomagalhaes.com.br\/index.php\/wp-json\/wp\/v2\/media?parent=61776"}],"wp:term":[{"taxonomy":"category","embeddable":true,"href":"https:\/\/blogdoedvaldomagalhaes.com.br\/index.php\/wp-json\/wp\/v2\/categories?post=61776"},{"taxonomy":"post_tag","embeddable":true,"href":"https:\/\/blogdoedvaldomagalhaes.com.br\/index.php\/wp-json\/wp\/v2\/tags?post=61776"}],"curies":[{"name":"wp","href":"https:\/\/api.w.org\/{rel}","templated":true}]}}