{"id":61773,"date":"2020-09-24T19:55:19","date_gmt":"2020-09-24T22:55:19","guid":{"rendered":"https:\/\/blogdoedvaldomagalhaes.com.br\/?p=61773"},"modified":"2020-09-24T19:58:37","modified_gmt":"2020-09-24T22:58:37","slug":"prefeitura-de-caruaru-inicia-entrega-dos-cartoes-alimentacao-aos-alunos-da-rede-municipal-de-ensino-segunda-28","status":"publish","type":"post","link":"https:\/\/blogdoedvaldomagalhaes.com.br\/index.php\/2020\/09\/24\/prefeitura-de-caruaru-inicia-entrega-dos-cartoes-alimentacao-aos-alunos-da-rede-municipal-de-ensino-segunda-28\/","title":{"rendered":"Prefeitura de Caruaru inicia entrega dos cart\u00f5es alimenta\u00e7\u00e3o aos alunos da rede municipal de ensino segunda (28)"},"content":{"rendered":"<p style=\"text-align: justify;\"><span style=\"font-size: inherit;\">A Prefeitura de Caruaru inicia nesta segunda-feira (28), a entrega dos cart\u00f5es alimenta\u00e7\u00e3o aos alunos da rede municipal de ensino. A entrega ser\u00e1 realizada nas escolas onde cada estudante est\u00e1 matriculado, seguindo a programa\u00e7\u00e3o de cada unidade. Para a retirada do cart\u00e3o, o respons\u00e1vel pela matr\u00edcula dever\u00e1 apresentar, obrigatoriamente, RG e CPF, al\u00e9m de um documento do aluno. Cada estudante matriculado tem direito a um cart\u00e3o.<\/span><\/p>\n<p>Foto ilustrativa: Reprodu\u00e7\u00e3o\/Internet.<\/p>\n","protected":false},"excerpt":{"rendered":"<p>A Prefeitura de Caruaru inicia nesta segunda-feira (28), a entrega dos cart\u00f5es alimenta\u00e7\u00e3o aos alunos da rede municipal de ensino.&hellip;<\/p>\n","protected":false},"author":1,"featured_media":61774,"comment_status":"open","ping_status":"open","sticky":false,"template":"","format":"standard","meta":{"footnotes":""},"categories":[14120],"tags":[2,19532,19641],"class_list":["post-61773","post","type-post","status-publish","format-standard","has-post-thumbnail","hentry","category-noticias","tag-blog-do-edvaldo-magalhaes","tag-blog-mais-acessado-e-visualizado-de-caruaru-e-regiao","tag-prefeitura-de-caruaru-inicia-entrega-dos-cartoes-alimentacao-aos-alunos-da-rede-municipal-de-ensino-segunda-28"],"_links":{"self":[{"href":"https:\/\/blogdoedvaldomagalhaes.com.br\/index.php\/wp-json\/wp\/v2\/posts\/61773","targetHints":{"allow":["GET"]}}],"collection":[{"href":"https:\/\/blogdoedvaldomagalhaes.com.br\/index.php\/wp-json\/wp\/v2\/posts"}],"about":[{"href":"https:\/\/blogdoedvaldomagalhaes.com.br\/index.php\/wp-json\/wp\/v2\/types\/post"}],"author":[{"embeddable":true,"href":"https:\/\/blogdoedvaldomagalhaes.com.br\/index.php\/wp-json\/wp\/v2\/users\/1"}],"replies":[{"embeddable":true,"href":"https:\/\/blogdoedvaldomagalhaes.com.br\/index.php\/wp-json\/wp\/v2\/comments?post=61773"}],"version-history":[{"count":1,"href":"https:\/\/blogdoedvaldomagalhaes.com.br\/index.php\/wp-json\/wp\/v2\/posts\/61773\/revisions"}],"predecessor-version":[{"id":61775,"href":"https:\/\/blogdoedvaldomagalhaes.com.br\/index.php\/wp-json\/wp\/v2\/posts\/61773\/revisions\/61775"}],"wp:featuredmedia":[{"embeddable":true,"href":"https:\/\/blogdoedvaldomagalhaes.com.br\/index.php\/wp-json\/wp\/v2\/media\/61774"}],"wp:attachment":[{"href":"https:\/\/blogdoedvaldomagalhaes.com.br\/index.php\/wp-json\/wp\/v2\/media?parent=61773"}],"wp:term":[{"taxonomy":"category","embeddable":true,"href":"https:\/\/blogdoedvaldomagalhaes.com.br\/index.php\/wp-json\/wp\/v2\/categories?post=61773"},{"taxonomy":"post_tag","embeddable":true,"href":"https:\/\/blogdoedvaldomagalhaes.com.br\/index.php\/wp-json\/wp\/v2\/tags?post=61773"}],"curies":[{"name":"wp","href":"https:\/\/api.w.org\/{rel}","templated":true}]}}