{"id":61765,"date":"2020-09-24T15:22:30","date_gmt":"2020-09-24T18:22:30","guid":{"rendered":"https:\/\/blogdoedvaldomagalhaes.com.br\/?p=61765"},"modified":"2020-09-24T15:22:31","modified_gmt":"2020-09-24T18:22:31","slug":"jovem-e-preso-em-caruaru-com-quase-cinco-quilos-de-maconha","status":"publish","type":"post","link":"https:\/\/blogdoedvaldomagalhaes.com.br\/index.php\/2020\/09\/24\/jovem-e-preso-em-caruaru-com-quase-cinco-quilos-de-maconha\/","title":{"rendered":"Jovem \u00e9 preso em Caruaru com quase cinco quilos de maconha"},"content":{"rendered":"<p style=\"text-align: justify;\">Policiais do 1\u00ba BIEsp apreenderam quase 5 quilos de maconha no bairro Petr\u00f3polis, em Caruaru, Agreste de Pernambuco. A a\u00e7\u00e3o aconteceu na 2\u00aa Travessa Boa Ventura.<\/p>\n<p style=\"text-align: justify;\">Um jovem de 25 anos foi preso em flagrante, suspeito de tr\u00e1fico de drogas. Islan J\u00fanior Pereira afirmou que apenas tinha guardado a maconha para um amigo, que n\u00e3o revelou o nome. A ocorr\u00eancia foi apresentada no Plant\u00e3o Policial.<\/p>\n","protected":false},"excerpt":{"rendered":"<p>Policiais do 1\u00ba BIEsp apreenderam quase 5 quilos de maconha no bairro Petr\u00f3polis, em Caruaru, Agreste de Pernambuco. A a\u00e7\u00e3o&hellip;<\/p>\n","protected":false},"author":1,"featured_media":61766,"comment_status":"open","ping_status":"open","sticky":false,"template":"","format":"standard","meta":{"footnotes":""},"categories":[14121],"tags":[2,19532,19639],"class_list":["post-61765","post","type-post","status-publish","format-standard","has-post-thumbnail","hentry","category-policial","tag-blog-do-edvaldo-magalhaes","tag-blog-mais-acessado-e-visualizado-de-caruaru-e-regiao","tag-jovem-e-preso-em-caruaru-com-quase-cinco-quilos-de-maconha"],"_links":{"self":[{"href":"https:\/\/blogdoedvaldomagalhaes.com.br\/index.php\/wp-json\/wp\/v2\/posts\/61765","targetHints":{"allow":["GET"]}}],"collection":[{"href":"https:\/\/blogdoedvaldomagalhaes.com.br\/index.php\/wp-json\/wp\/v2\/posts"}],"about":[{"href":"https:\/\/blogdoedvaldomagalhaes.com.br\/index.php\/wp-json\/wp\/v2\/types\/post"}],"author":[{"embeddable":true,"href":"https:\/\/blogdoedvaldomagalhaes.com.br\/index.php\/wp-json\/wp\/v2\/users\/1"}],"replies":[{"embeddable":true,"href":"https:\/\/blogdoedvaldomagalhaes.com.br\/index.php\/wp-json\/wp\/v2\/comments?post=61765"}],"version-history":[{"count":1,"href":"https:\/\/blogdoedvaldomagalhaes.com.br\/index.php\/wp-json\/wp\/v2\/posts\/61765\/revisions"}],"predecessor-version":[{"id":61767,"href":"https:\/\/blogdoedvaldomagalhaes.com.br\/index.php\/wp-json\/wp\/v2\/posts\/61765\/revisions\/61767"}],"wp:featuredmedia":[{"embeddable":true,"href":"https:\/\/blogdoedvaldomagalhaes.com.br\/index.php\/wp-json\/wp\/v2\/media\/61766"}],"wp:attachment":[{"href":"https:\/\/blogdoedvaldomagalhaes.com.br\/index.php\/wp-json\/wp\/v2\/media?parent=61765"}],"wp:term":[{"taxonomy":"category","embeddable":true,"href":"https:\/\/blogdoedvaldomagalhaes.com.br\/index.php\/wp-json\/wp\/v2\/categories?post=61765"},{"taxonomy":"post_tag","embeddable":true,"href":"https:\/\/blogdoedvaldomagalhaes.com.br\/index.php\/wp-json\/wp\/v2\/tags?post=61765"}],"curies":[{"name":"wp","href":"https:\/\/api.w.org\/{rel}","templated":true}]}}