{"id":61759,"date":"2020-09-24T10:52:07","date_gmt":"2020-09-24T13:52:07","guid":{"rendered":"https:\/\/blogdoedvaldomagalhaes.com.br\/?p=61759"},"modified":"2020-09-24T10:52:07","modified_gmt":"2020-09-24T13:52:07","slug":"deposito-de-alimentos-roubados-e-encontrado-pela-prf-em-caruaru","status":"publish","type":"post","link":"https:\/\/blogdoedvaldomagalhaes.com.br\/index.php\/2020\/09\/24\/deposito-de-alimentos-roubados-e-encontrado-pela-prf-em-caruaru\/","title":{"rendered":"Dep\u00f3sito de alimentos roubados \u00e9 encontrado pela PRF em Caruaru"},"content":{"rendered":"<p style=\"text-align: justify;\"><span style=\"font-size: inherit;\">Uma casa utilizada como dep\u00f3sito de alimentos roubados foi localizada na quarta-feira (23) pela Pol\u00edcia Rodovi\u00e1ria Federal (PRF), em um loteamento de Caruaru, no Agreste de Pernambuco. Seis suspeitos de receptar a carga composta por carnes e embutidos foram detidos na a\u00e7\u00e3o.<\/span><\/p>\n<p style=\"text-align: justify;\">Policiais receberam informa\u00e7\u00f5es de que um caminh\u00e3o roubado havia sido avistado em um loteamento de Caruaru e foram at\u00e9 o endere\u00e7o indicado. Ao chegarem no local, alguns homens que estavam descarregando a mercadoria correram, mas tr\u00eas foram detidos. Um jammer, que \u00e9 utilizado para bloquear o rastreador de ve\u00edculos, tamb\u00e9m foi apreendido.<\/p>\n<p style=\"text-align: justify;\">Um dos suspeitos informou que o dono de um restaurante seria o propriet\u00e1rio da carga e o filho dele havia contratado os homens para retirar os produtos do caminh\u00e3o. Os dois foram detidos e o dono da resid\u00eancia tamb\u00e9m.<\/p>\n<p style=\"text-align: justify;\">O caminh\u00e3o havia sido roubado no mesmo dia, em Ribeir\u00e3o, na Mata Sul de Pernambuco. O motorista foi at\u00e9 o posto da PRF em Caruaru para relatar o caso.<\/p>\n<p style=\"text-align: justify;\">O grupo foi encaminhado junto com a carga, o jammer e o caminh\u00e3o recuperado \u00e0 delegacia de Pol\u00edcia Civil de Caruaru, que ir\u00e1 investigar o caso.<\/p>\n\n\n<figure class=\"wp-block-image size-large\"><img loading=\"lazy\" decoding=\"async\" width=\"768\" height=\"1024\" src=\"https:\/\/blogdoedvaldomagalhaes.com.br\/wp-content\/uploads\/2020\/09\/IMG-20200924-WA0035-768x1024.jpg\" alt=\"\" class=\"wp-image-61761\" srcset=\"https:\/\/blogdoedvaldomagalhaes.com.br\/wp-content\/uploads\/2020\/09\/IMG-20200924-WA0035-768x1024.jpg 768w, https:\/\/blogdoedvaldomagalhaes.com.br\/wp-content\/uploads\/2020\/09\/IMG-20200924-WA0035-225x300.jpg 225w, https:\/\/blogdoedvaldomagalhaes.com.br\/wp-content\/uploads\/2020\/09\/IMG-20200924-WA0035.jpg 864w\" sizes=\"auto, (max-width: 768px) 100vw, 768px\" \/><\/figure>\n\n\n\n<figure class=\"wp-block-image size-large\"><img loading=\"lazy\" decoding=\"async\" width=\"576\" height=\"1024\" src=\"https:\/\/blogdoedvaldomagalhaes.com.br\/wp-content\/uploads\/2020\/09\/IMG-20200924-WA0039-576x1024.jpg\" alt=\"\" class=\"wp-image-61762\" srcset=\"https:\/\/blogdoedvaldomagalhaes.com.br\/wp-content\/uploads\/2020\/09\/IMG-20200924-WA0039-576x1024.jpg 576w, https:\/\/blogdoedvaldomagalhaes.com.br\/wp-content\/uploads\/2020\/09\/IMG-20200924-WA0039-169x300.jpg 169w, https:\/\/blogdoedvaldomagalhaes.com.br\/wp-content\/uploads\/2020\/09\/IMG-20200924-WA0039.jpg 720w\" sizes=\"auto, (max-width: 576px) 100vw, 576px\" \/><\/figure>\n\n\n\n<figure class=\"wp-block-image size-large\"><img loading=\"lazy\" decoding=\"async\" width=\"1024\" height=\"768\" src=\"https:\/\/blogdoedvaldomagalhaes.com.br\/wp-content\/uploads\/2020\/09\/IMG-20200924-WA0036-1024x768.jpg\" alt=\"\" class=\"wp-image-61763\" srcset=\"https:\/\/blogdoedvaldomagalhaes.com.br\/wp-content\/uploads\/2020\/09\/IMG-20200924-WA0036-1024x768.jpg 1024w, https:\/\/blogdoedvaldomagalhaes.com.br\/wp-content\/uploads\/2020\/09\/IMG-20200924-WA0036-300x225.jpg 300w, https:\/\/blogdoedvaldomagalhaes.com.br\/wp-content\/uploads\/2020\/09\/IMG-20200924-WA0036-768x576.jpg 768w, https:\/\/blogdoedvaldomagalhaes.com.br\/wp-content\/uploads\/2020\/09\/IMG-20200924-WA0036-160x120.jpg 160w, https:\/\/blogdoedvaldomagalhaes.com.br\/wp-content\/uploads\/2020\/09\/IMG-20200924-WA0036.jpg 1152w\" sizes=\"auto, (max-width: 1024px) 100vw, 1024px\" \/><figcaption>Fotos: PRF\/Divulga\u00e7\u00e3o<\/figcaption><\/figure>\n","protected":false},"excerpt":{"rendered":"<p>Uma casa utilizada como dep\u00f3sito de alimentos roubados foi localizada na quarta-feira (23) pela Pol\u00edcia Rodovi\u00e1ria Federal (PRF), em um&hellip;<\/p>\n","protected":false},"author":1,"featured_media":61760,"comment_status":"open","ping_status":"open","sticky":false,"template":"","format":"standard","meta":{"footnotes":""},"categories":[14122],"tags":[2,19532,7087,19638,3688,1950,4080],"class_list":["post-61759","post","type-post","status-publish","format-standard","has-post-thumbnail","hentry","category-politica","tag-blog-do-edvaldo-magalhaes","tag-blog-mais-acessado-e-visualizado-de-caruaru-e-regiao","tag-delegacia-de-policia-civil","tag-deposito-de-alimentos-roubados-e-encontrado-pela-prf-em-caruaru","tag-mata-sul-de-pernambuco","tag-noticias-de-caruaru","tag-ribeirao"],"_links":{"self":[{"href":"https:\/\/blogdoedvaldomagalhaes.com.br\/index.php\/wp-json\/wp\/v2\/posts\/61759","targetHints":{"allow":["GET"]}}],"collection":[{"href":"https:\/\/blogdoedvaldomagalhaes.com.br\/index.php\/wp-json\/wp\/v2\/posts"}],"about":[{"href":"https:\/\/blogdoedvaldomagalhaes.com.br\/index.php\/wp-json\/wp\/v2\/types\/post"}],"author":[{"embeddable":true,"href":"https:\/\/blogdoedvaldomagalhaes.com.br\/index.php\/wp-json\/wp\/v2\/users\/1"}],"replies":[{"embeddable":true,"href":"https:\/\/blogdoedvaldomagalhaes.com.br\/index.php\/wp-json\/wp\/v2\/comments?post=61759"}],"version-history":[{"count":1,"href":"https:\/\/blogdoedvaldomagalhaes.com.br\/index.php\/wp-json\/wp\/v2\/posts\/61759\/revisions"}],"predecessor-version":[{"id":61764,"href":"https:\/\/blogdoedvaldomagalhaes.com.br\/index.php\/wp-json\/wp\/v2\/posts\/61759\/revisions\/61764"}],"wp:featuredmedia":[{"embeddable":true,"href":"https:\/\/blogdoedvaldomagalhaes.com.br\/index.php\/wp-json\/wp\/v2\/media\/61760"}],"wp:attachment":[{"href":"https:\/\/blogdoedvaldomagalhaes.com.br\/index.php\/wp-json\/wp\/v2\/media?parent=61759"}],"wp:term":[{"taxonomy":"category","embeddable":true,"href":"https:\/\/blogdoedvaldomagalhaes.com.br\/index.php\/wp-json\/wp\/v2\/categories?post=61759"},{"taxonomy":"post_tag","embeddable":true,"href":"https:\/\/blogdoedvaldomagalhaes.com.br\/index.php\/wp-json\/wp\/v2\/tags?post=61759"}],"curies":[{"name":"wp","href":"https:\/\/api.w.org\/{rel}","templated":true}]}}