{"id":61741,"date":"2020-09-23T17:27:42","date_gmt":"2020-09-23T20:27:42","guid":{"rendered":"https:\/\/blogdoedvaldomagalhaes.com.br\/?p=61741"},"modified":"2020-09-23T17:27:46","modified_gmt":"2020-09-23T20:27:46","slug":"raffie-apresentara-plano-de-governo-em-braille","status":"publish","type":"post","link":"https:\/\/blogdoedvaldomagalhaes.com.br\/index.php\/2020\/09\/23\/raffie-apresentara-plano-de-governo-em-braille\/","title":{"rendered":"Raffi\u00ea apresentar\u00e1 Plano de Governo em Braille"},"content":{"rendered":"<p style=\"text-align: justify;\"><span style=\"font-size: inherit;\">O pr\u00e9-candidato a Prefeito de Caruaru, Raffi\u00ea Dellon (PSD), contemplou de modo priorit\u00e1rio a tem\u00e1tica da acessibilidade na sua campanha e anunciou que ir\u00e1 protocolar junto \u00e0 ACACE (Associa\u00e7\u00e3o Caruaruense de Cegos), o seu Plano de Governo em Braille, sistema de escrita t\u00e1til utilizado por pessoas cegas ou com baixa vis\u00e3o. A ACACE foi a primeira entidade de Caruaru que foi procurada pelo pr\u00e9-candidato para a constru\u00e7\u00e3o do Plano de Governo, ainda no in\u00edcio do ano.<\/span><\/p>\n<p style=\"text-align: justify;\">\u201cO Plano de Governo \u00e9 algo que \u00e9 atualizado cotidianamente e foi constru\u00eddo ouvindo muita gente, nos quatro cantos de Caruaru, em sua Zona Urbana e Rural. A tem\u00e1tica da acessibilidade ser\u00e1 um dos carros chefes. No DETRAN de Caruaru eu criei a Junta M\u00e9dica Especial para as pessoas com Defici\u00eancia, que s\u00f3 existia em Recife, l\u00e1 tamb\u00e9m implementamos a prova te\u00f3rica para Deficiente Auditivo em Caruaru, sem ser necess\u00e1rio vir algu\u00e9m de Recife para aplicar. Sobre Acessibilidade falo com propriedade de quem j\u00e1 fez por essa Pol\u00edtica P\u00fablica\u201d, comentou Raffi\u00ea.<\/p>\n","protected":false},"excerpt":{"rendered":"<p>O pr\u00e9-candidato a Prefeito de Caruaru, Raffi\u00ea Dellon (PSD), contemplou de modo priorit\u00e1rio a tem\u00e1tica da acessibilidade na sua campanha&hellip;<\/p>\n","protected":false},"author":1,"featured_media":61742,"comment_status":"open","ping_status":"open","sticky":false,"template":"","format":"standard","meta":{"footnotes":""},"categories":[14122],"tags":[2,19532,20,19631,2491],"class_list":["post-61741","post","type-post","status-publish","format-standard","has-post-thumbnail","hentry","category-politica","tag-blog-do-edvaldo-magalhaes","tag-blog-mais-acessado-e-visualizado-de-caruaru-e-regiao","tag-politica","tag-raffie-apresentara-plano-de-governo-em-braille","tag-raffie-dellon"],"_links":{"self":[{"href":"https:\/\/blogdoedvaldomagalhaes.com.br\/index.php\/wp-json\/wp\/v2\/posts\/61741","targetHints":{"allow":["GET"]}}],"collection":[{"href":"https:\/\/blogdoedvaldomagalhaes.com.br\/index.php\/wp-json\/wp\/v2\/posts"}],"about":[{"href":"https:\/\/blogdoedvaldomagalhaes.com.br\/index.php\/wp-json\/wp\/v2\/types\/post"}],"author":[{"embeddable":true,"href":"https:\/\/blogdoedvaldomagalhaes.com.br\/index.php\/wp-json\/wp\/v2\/users\/1"}],"replies":[{"embeddable":true,"href":"https:\/\/blogdoedvaldomagalhaes.com.br\/index.php\/wp-json\/wp\/v2\/comments?post=61741"}],"version-history":[{"count":1,"href":"https:\/\/blogdoedvaldomagalhaes.com.br\/index.php\/wp-json\/wp\/v2\/posts\/61741\/revisions"}],"predecessor-version":[{"id":61743,"href":"https:\/\/blogdoedvaldomagalhaes.com.br\/index.php\/wp-json\/wp\/v2\/posts\/61741\/revisions\/61743"}],"wp:featuredmedia":[{"embeddable":true,"href":"https:\/\/blogdoedvaldomagalhaes.com.br\/index.php\/wp-json\/wp\/v2\/media\/61742"}],"wp:attachment":[{"href":"https:\/\/blogdoedvaldomagalhaes.com.br\/index.php\/wp-json\/wp\/v2\/media?parent=61741"}],"wp:term":[{"taxonomy":"category","embeddable":true,"href":"https:\/\/blogdoedvaldomagalhaes.com.br\/index.php\/wp-json\/wp\/v2\/categories?post=61741"},{"taxonomy":"post_tag","embeddable":true,"href":"https:\/\/blogdoedvaldomagalhaes.com.br\/index.php\/wp-json\/wp\/v2\/tags?post=61741"}],"curies":[{"name":"wp","href":"https:\/\/api.w.org\/{rel}","templated":true}]}}