{"id":61737,"date":"2020-09-23T17:23:48","date_gmt":"2020-09-23T20:23:48","guid":{"rendered":"https:\/\/blogdoedvaldomagalhaes.com.br\/?p=61737"},"modified":"2020-09-23T17:23:49","modified_gmt":"2020-09-23T20:23:49","slug":"raquel-lyra-promove-dialogo-com-jovens-para-plano-de-governo","status":"publish","type":"post","link":"https:\/\/blogdoedvaldomagalhaes.com.br\/index.php\/2020\/09\/23\/raquel-lyra-promove-dialogo-com-jovens-para-plano-de-governo\/","title":{"rendered":"Raquel Lyra promove di\u00e1logo com jovens para Plano de Governo"},"content":{"rendered":"<p style=\"text-align: justify;\"><span style=\"font-size: inherit;\">A pr\u00e9-candidata \u00e0 reelei\u00e7\u00e3o em Caruaru, Raquel Lyra (PSDB), realizou na noite desta ter\u00e7a-feira (22) um di\u00e1logo com jovens para colher ideias para o seu Plano de Governo. O encontro, respeitando todos os protocolos sanit\u00e1rios, serviu para ouvir a juventude sobre o desenvolvimento de pol\u00edticas p\u00fablicas. Temas como empreendedorismo jovem e inclus\u00e3o digital foram abordados.<\/span><\/p>\n<p style=\"text-align: justify;\">&#8220;Hoje \u00e9 o Dia da Juventude no Brasil e n\u00e3o \u00e9 \u00e0 toa que estamos aqui para discutir sobre esse tema, falando do passado e, claro, sobre o futuro. Este encontro faz parte do nosso projeto &#8216;Diz a\u00ed, Caruaru&#8217;, que \u00e9\u00a0 para colher informa\u00e7\u00f5es pela internet e nos ajudar no plano de governo. At\u00e9 agora recebemos mais de 800 ideias que ser\u00e3o analisadas. Fizemos assim em 2016 e deu certo e agora estamos fazendo essa releitura em busca de mais ideias.&#8221;<\/p>\n<p style=\"text-align: justify;\">Raquel Lyra est\u00e1 em constante di\u00e1logo com a popula\u00e7\u00e3o, e agora refor\u00e7a a intera\u00e7\u00e3o com a plataforma online \u201cDiz A\u00ed, Caruaru\u201d, que pode ser acessada pelo link www.dizaicaruaru.com.br. Tamb\u00e9m \u00e9 poss\u00edvel entrar em contato com ela atrav\u00e9s do WhatsApp (81) 99150-4554.<\/p>\n\n\n<figure class=\"wp-block-image size-large\"><img loading=\"lazy\" decoding=\"async\" width=\"1024\" height=\"682\" src=\"https:\/\/blogdoedvaldomagalhaes.com.br\/wp-content\/uploads\/2020\/09\/IMG-20200922-WA0151-1024x682.jpg\" alt=\"\" class=\"wp-image-61739\" srcset=\"https:\/\/blogdoedvaldomagalhaes.com.br\/wp-content\/uploads\/2020\/09\/IMG-20200922-WA0151-1024x682.jpg 1024w, https:\/\/blogdoedvaldomagalhaes.com.br\/wp-content\/uploads\/2020\/09\/IMG-20200922-WA0151-300x200.jpg 300w, https:\/\/blogdoedvaldomagalhaes.com.br\/wp-content\/uploads\/2020\/09\/IMG-20200922-WA0151-768x512.jpg 768w, https:\/\/blogdoedvaldomagalhaes.com.br\/wp-content\/uploads\/2020\/09\/IMG-20200922-WA0151.jpg 1280w\" sizes=\"auto, (max-width: 1024px) 100vw, 1024px\" \/><\/figure>\n","protected":false},"excerpt":{"rendered":"<p>A pr\u00e9-candidata \u00e0 reelei\u00e7\u00e3o em Caruaru, Raquel Lyra (PSDB), realizou na noite desta ter\u00e7a-feira (22) um di\u00e1logo com jovens para&hellip;<\/p>\n","protected":false},"author":1,"featured_media":61738,"comment_status":"open","ping_status":"open","sticky":false,"template":"","format":"standard","meta":{"footnotes":""},"categories":[14122],"tags":[2,19532,20,19630],"class_list":["post-61737","post","type-post","status-publish","format-standard","has-post-thumbnail","hentry","category-politica","tag-blog-do-edvaldo-magalhaes","tag-blog-mais-acessado-e-visualizado-de-caruaru-e-regiao","tag-politica","tag-raquel-lyra-promove-dialogo-com-jovens-para-plano-de-governo"],"_links":{"self":[{"href":"https:\/\/blogdoedvaldomagalhaes.com.br\/index.php\/wp-json\/wp\/v2\/posts\/61737","targetHints":{"allow":["GET"]}}],"collection":[{"href":"https:\/\/blogdoedvaldomagalhaes.com.br\/index.php\/wp-json\/wp\/v2\/posts"}],"about":[{"href":"https:\/\/blogdoedvaldomagalhaes.com.br\/index.php\/wp-json\/wp\/v2\/types\/post"}],"author":[{"embeddable":true,"href":"https:\/\/blogdoedvaldomagalhaes.com.br\/index.php\/wp-json\/wp\/v2\/users\/1"}],"replies":[{"embeddable":true,"href":"https:\/\/blogdoedvaldomagalhaes.com.br\/index.php\/wp-json\/wp\/v2\/comments?post=61737"}],"version-history":[{"count":1,"href":"https:\/\/blogdoedvaldomagalhaes.com.br\/index.php\/wp-json\/wp\/v2\/posts\/61737\/revisions"}],"predecessor-version":[{"id":61740,"href":"https:\/\/blogdoedvaldomagalhaes.com.br\/index.php\/wp-json\/wp\/v2\/posts\/61737\/revisions\/61740"}],"wp:featuredmedia":[{"embeddable":true,"href":"https:\/\/blogdoedvaldomagalhaes.com.br\/index.php\/wp-json\/wp\/v2\/media\/61738"}],"wp:attachment":[{"href":"https:\/\/blogdoedvaldomagalhaes.com.br\/index.php\/wp-json\/wp\/v2\/media?parent=61737"}],"wp:term":[{"taxonomy":"category","embeddable":true,"href":"https:\/\/blogdoedvaldomagalhaes.com.br\/index.php\/wp-json\/wp\/v2\/categories?post=61737"},{"taxonomy":"post_tag","embeddable":true,"href":"https:\/\/blogdoedvaldomagalhaes.com.br\/index.php\/wp-json\/wp\/v2\/tags?post=61737"}],"curies":[{"name":"wp","href":"https:\/\/api.w.org\/{rel}","templated":true}]}}