{"id":617,"date":"2018-11-25T15:14:00","date_gmt":"2018-11-25T17:14:00","guid":{"rendered":"http:\/\/blogdoedvaldomagalhaes.com.br\/index.php\/2018\/11\/25\/tres-suspeitos-morrem-em-troca-de-tiros\/"},"modified":"2019-02-09T02:42:52","modified_gmt":"2019-02-09T04:42:52","slug":"tres-suspeitos-morrem-em-troca-de-tiros","status":"publish","type":"post","link":"https:\/\/blogdoedvaldomagalhaes.com.br\/index.php\/2018\/11\/25\/tres-suspeitos-morrem-em-troca-de-tiros\/","title":{"rendered":"Tr\u00eas suspeitos morrem em troca de tiros com a pol\u00edcia, ap\u00f3s sequestro e roubo em Surubim"},"content":{"rendered":"<div class=\"separator\" style=\"clear: both; text-align: center;\">\n<a href=\"https:\/\/1.bp.blogspot.com\/-V_FS95SR280\/W_q72zsdACI\/AAAAAAAA-Sw\/fXEEjPb2An091CKGSYdYHkrU6tC1a8nkQCLcBGAs\/s1600\/IMG-20181125-WA0145.jpg\" imageanchor=\"1\" style=\"margin-left: 1em; margin-right: 1em;\"><img loading=\"lazy\" decoding=\"async\" border=\"0\" data-original-height=\"585\" data-original-width=\"1040\" height=\"360\" src=\"http:\/\/blogdoedvaldomagalhaes.com.br\/wp-content\/uploads\/2018\/11\/IMG-20181125-WA0145.jpg\" width=\"640\" \/><\/a><\/div>\n<p><\/p>\n<div class=\"separator\" style=\"clear: both; text-align: center;\">\n<\/div>\n<p><\/p>\n<div class=\"separator\" style=\"clear: both; text-align: center;\">\n<\/div>\n<div style=\"text-align: justify;\">\nSegundo informa\u00e7\u00f5es da pol\u00edcia, por volta das 23h30 desse s\u00e1bado (24), tr\u00eas indiv\u00edduos armados com uma espingarda e um rev\u00f3lver abordaram a senhora Eroneide Arruda em via p\u00fablica na cidade de Surubim, Agreste de Pernambuco, e a obrigaram a ir na sua casa, localizada na rua Severino Almeida dos Santos 86, bairro S\u00e3o Jos\u00e9 (conhecido popularmente por Rua do A\u00e7ude), onde estavam seu esposo Edinozaldo Alves, os filhos do casal de 18 e 24 anos e uma funcion\u00e1ria, onde os suspeitos adentraram para roubar. O senhor Edinozaldo possu\u00eda uma pistola em casa e tentou reagir, instante em que os acusados efetuaram um disparo de espingarda contra Eroneide, que foi atingida de rasp\u00e3o e contra Edinozaldo, atingindo no pesco\u00e7o. Quando os meliantes perceberam a chegada da Pol\u00edcia Civil e Militar, passaram a amea\u00e7ar de morte as cinco pessoas. Iniciou-se uma negocia\u00e7\u00e3o entra a pol\u00edcia e os acusados, que se estendeu durante toda a madrugada deste domingo (25).&nbsp;Pjes de Surubim e Deah deslocaram-se ao local junto com PMs do 22\u00b0 BPM, BOPE.&nbsp;<\/p>\n<p><\/p>\n<div class=\"separator\" style=\"clear: both; text-align: center;\">\n<a href=\"https:\/\/1.bp.blogspot.com\/-NZtI1q7GS0Q\/W_rr7XHnVoI\/AAAAAAAA-UU\/PRvUldxvBugf8IEblZKnrX3NLGsdYrU_gCLcBGAs\/s1600\/eles%2B5.jpg\" imageanchor=\"1\" style=\"margin-left: 1em; margin-right: 1em;\"><img loading=\"lazy\" decoding=\"async\" border=\"0\" data-original-height=\"960\" data-original-width=\"539\" height=\"640\" src=\"http:\/\/blogdoedvaldomagalhaes.com.br\/wp-content\/uploads\/2018\/11\/eles5.jpg\" width=\"354\" \/><\/a><\/div>\n<div class=\"separator\" style=\"clear: both; text-align: center;\">\n<a href=\"https:\/\/2.bp.blogspot.com\/-2el5wiD9Dho\/W_roNMdrMjI\/AAAAAAAA-T0\/5g0_hszXFQspqXN_8cQN0dHyN2Gwv_REACLcBGAs\/s1600\/eles%2B1.jpg\" imageanchor=\"1\" style=\"margin-left: 1em; margin-right: 1em;\"><img loading=\"lazy\" decoding=\"async\" border=\"0\" data-original-height=\"640\" data-original-width=\"480\" height=\"640\" src=\"http:\/\/blogdoedvaldomagalhaes.com.br\/wp-content\/uploads\/2018\/11\/eles1.jpg\" width=\"480\" \/><\/a><\/div>\n<div class=\"separator\" style=\"clear: both; text-align: center;\">\n<\/div>\n<div class=\"separator\" style=\"clear: both; text-align: center;\">\n<a href=\"https:\/\/1.bp.blogspot.com\/-Q6dW7UOMrTk\/W_ycmt8BHcI\/AAAAAAAA-ag\/1eRrJW-118Q-T-aDKPi9LeHD9Q2QHU3lgCLcBGAs\/s1600\/a%25C3%25A7%25C3%25A3o.jpg\" imageanchor=\"1\" style=\"margin-left: 1em; margin-right: 1em;\"><img loading=\"lazy\" decoding=\"async\" border=\"0\" data-original-height=\"405\" data-original-width=\"720\" height=\"360\" src=\"http:\/\/blogdoedvaldomagalhaes.com.br\/wp-content\/uploads\/2018\/11\/aC3A7C3A3o.jpg\" width=\"640\" \/><\/a><\/div>\n<div class=\"separator\" style=\"clear: both; text-align: center;\">\n<\/div>\n<div class=\"separator\" style=\"clear: both; text-align: center;\">\n<a href=\"https:\/\/4.bp.blogspot.com\/-f2PtIGzFe9Y\/W_rv6YTmPJI\/AAAAAAAA-Uo\/66Rq5n3c4XQjaA0sbIiaYKcl5nisjdRNQCLcBGAs\/s1600\/pm.jpg\" imageanchor=\"1\" style=\"margin-left: 1em; margin-right: 1em;\"><img loading=\"lazy\" decoding=\"async\" border=\"0\" data-original-height=\"410\" data-original-width=\"748\" height=\"350\" src=\"http:\/\/blogdoedvaldomagalhaes.com.br\/wp-content\/uploads\/2018\/11\/pm-4.jpg\" width=\"640\" \/><\/a><\/div>\n<div class=\"separator\" style=\"clear: both; text-align: center;\">\n<\/div>\n<p>Os sequestradores fugiram no carro da fam\u00edlia com um filho do casal e uma funcion\u00e1ria da fam\u00edlia, sendo perseguidos por GTs da PMPE. No distrito de Umari, que pertence ao munic\u00edpio de Bom Jardim, os bandidos liberaram os dois ref\u00e9ns e atiraram contra as guarni\u00e7\u00f5es, sendo que um deles morreu no local, os outros dois seguiram na rodovia PE-90 em dire\u00e7\u00e3o a Limoeiro, sendo alcan\u00e7ados na Encruzilhada de Bom Jardim, onde houve nova troca de tiros entre a guarni\u00e7\u00e3o da PM e os dois meliantes, os quais vieram a \u00f3bito.&nbsp;Instituto de Criminal\u00edstica &#8211; IC, de Nazar\u00e9 da Mata foi acionado para realizar per\u00edcia na casa onde ocorreu o roubo e sequestro e nos dois&nbsp;locais onde houve o confronto entre os policiais e os meliantes.&nbsp;&nbsp;Deah fez os levantamentos nos dois locais do confronto.<\/p>\n<p><\/p>\n<div class=\"separator\" style=\"clear: both; text-align: center;\">\n<a href=\"https:\/\/3.bp.blogspot.com\/-5I-kCEW1u5U\/W_roTD88hZI\/AAAAAAAA-T4\/2pRM2v5hH1cA6C72XUuGg_Nz1yH9-ET_ACLcBGAs\/s1600\/eles%2B2.jpg\" imageanchor=\"1\" style=\"margin-left: 1em; margin-right: 1em;\"><img loading=\"lazy\" decoding=\"async\" border=\"0\" data-original-height=\"480\" data-original-width=\"640\" height=\"480\" src=\"http:\/\/blogdoedvaldomagalhaes.com.br\/wp-content\/uploads\/2018\/11\/eles2.jpg\" width=\"640\" \/><\/a><\/div>\n<p><\/p>\n<div class=\"separator\" style=\"clear: both; text-align: center;\">\n<a href=\"https:\/\/3.bp.blogspot.com\/-kbfTC9Y9j1o\/W_roUotVsxI\/AAAAAAAA-T8\/nhtrujeUdhUuBOd9S0tB7zH2TaDFayF2ACLcBGAs\/s1600\/eles%2B3.jpg\" imageanchor=\"1\" style=\"margin-left: 1em; margin-right: 1em;\"><img loading=\"lazy\" decoding=\"async\" border=\"0\" data-original-height=\"480\" data-original-width=\"640\" height=\"480\" src=\"http:\/\/blogdoedvaldomagalhaes.com.br\/wp-content\/uploads\/2018\/11\/eles3.jpg\" width=\"640\" \/><\/a><\/div>\n<p>\nAs v\u00edtimas lesionadas foram socorridas para o Hospital de Surubim, enquanto que os tr\u00eas sequestradores mortos, tiveram seus corpos removidos para o Hospital de Bom Jardim.&nbsp;<\/div>\n<div style=\"text-align: justify;\">\n<\/div>\n<div style=\"text-align: justify;\">\nInforma\u00e7\u00f5es: Paulo Gustavo Gondim &#8211;&nbsp;Delegado Seccional.<\/p>\n<p>Veja o v\u00eddeo abaixo, gravado na Encruzilhada de Bom Jardim:<\/p>\n<p><\/p>\n<div class=\"separator\" style=\"clear: both; text-align: center;\">\n<\/div>\n<p><\/div>\n","protected":false},"excerpt":{"rendered":"<p>Segundo informa\u00e7\u00f5es da pol\u00edcia, por volta das 23h30 desse s\u00e1bado (24), tr\u00eas indiv\u00edduos armados com uma espingarda e um rev\u00f3lver&hellip;<\/p>\n","protected":false},"author":1,"featured_media":0,"comment_status":"open","ping_status":"open","sticky":false,"template":"","format":"standard","meta":{"footnotes":""},"categories":[1],"tags":[544,2,13,545],"class_list":["post-617","post","type-post","status-publish","format-standard","hentry","category-sem-categoria","tag-apos-sequestro-e-roubo-em-surubim","tag-blog-do-edvaldo-magalhaes","tag-policial","tag-tres-suspeitos-morrem-em-troca-de-tiros-com-a-policia"],"_links":{"self":[{"href":"https:\/\/blogdoedvaldomagalhaes.com.br\/index.php\/wp-json\/wp\/v2\/posts\/617","targetHints":{"allow":["GET"]}}],"collection":[{"href":"https:\/\/blogdoedvaldomagalhaes.com.br\/index.php\/wp-json\/wp\/v2\/posts"}],"about":[{"href":"https:\/\/blogdoedvaldomagalhaes.com.br\/index.php\/wp-json\/wp\/v2\/types\/post"}],"author":[{"embeddable":true,"href":"https:\/\/blogdoedvaldomagalhaes.com.br\/index.php\/wp-json\/wp\/v2\/users\/1"}],"replies":[{"embeddable":true,"href":"https:\/\/blogdoedvaldomagalhaes.com.br\/index.php\/wp-json\/wp\/v2\/comments?post=617"}],"version-history":[{"count":1,"href":"https:\/\/blogdoedvaldomagalhaes.com.br\/index.php\/wp-json\/wp\/v2\/posts\/617\/revisions"}],"predecessor-version":[{"id":36157,"href":"https:\/\/blogdoedvaldomagalhaes.com.br\/index.php\/wp-json\/wp\/v2\/posts\/617\/revisions\/36157"}],"wp:attachment":[{"href":"https:\/\/blogdoedvaldomagalhaes.com.br\/index.php\/wp-json\/wp\/v2\/media?parent=617"}],"wp:term":[{"taxonomy":"category","embeddable":true,"href":"https:\/\/blogdoedvaldomagalhaes.com.br\/index.php\/wp-json\/wp\/v2\/categories?post=617"},{"taxonomy":"post_tag","embeddable":true,"href":"https:\/\/blogdoedvaldomagalhaes.com.br\/index.php\/wp-json\/wp\/v2\/tags?post=617"}],"curies":[{"name":"wp","href":"https:\/\/api.w.org\/{rel}","templated":true}]}}