{"id":61615,"date":"2020-09-19T12:52:05","date_gmt":"2020-09-19T15:52:05","guid":{"rendered":"https:\/\/blogdoedvaldomagalhaes.com.br\/?p=61615"},"modified":"2020-09-19T12:52:06","modified_gmt":"2020-09-19T15:52:06","slug":"fim-de-semana-comeca-com-6-homicidios-em-pernambuco-e-duas-mortes-no-transito","status":"publish","type":"post","link":"https:\/\/blogdoedvaldomagalhaes.com.br\/index.php\/2020\/09\/19\/fim-de-semana-comeca-com-6-homicidios-em-pernambuco-e-duas-mortes-no-transito\/","title":{"rendered":"Fim de semana come\u00e7a com 6 homic\u00eddios em Pernambuco e duas mortes no tr\u00e2nsito"},"content":{"rendered":"<p style=\"text-align: justify;\">O fim de semana come\u00e7ou com o registro de\u00a0<strong>6<\/strong>\u00a0homic\u00eddios em Pernambuco. Com estas mortes ocorridas nesta sexta-feira (18), subiu para\u00a0<strong>177<\/strong>\u00a0o n\u00famero de assassinatos no m\u00eas de setembro no Estado. De janeiro at\u00e9 agora s\u00e3o\u00a0<strong>2.728<\/strong>\u00a0crimes.<\/p>\n<p style=\"text-align: justify;\">A Pol\u00edcia Rodovi\u00e1ria Federal (PRF) registrou 10 acidentes no plant\u00e3o desta sexta-feira (18), com 18 ve\u00edculos envolvidos. Nove pessoas ficaram feridas. Ainda no balan\u00e7o, um ve\u00edculo recuperado e cinco pris\u00f5es.<\/p>\n<p style=\"text-align: justify;\">Na BR-232, em Caruaru, aconteceram dois acidentes com duas pessoas feridas. Um caminh\u00e3o tombou ap\u00f3s o motorista colidir na mureta de prote\u00e7\u00e3o. O motorista de um ve\u00edculo Palio reduziu a velocidade para observar o acidente e capotou o carro ap\u00f3s ser atingido por um caminh\u00e3o.<\/p>\n<p style=\"text-align: justify;\">Na rodovia estadual PE-95, em Passira, no Agreste, dois homens morreram em um acidente entre moto e carro. Faleceram o aposentado Manoel Jos\u00e9 de Aguiar, 72 anos, e o amigo conhecido por \u201cD\u00e9\u201d. As v\u00edtimas estavam na motocicleta e colidiram na traseira de um caminh\u00e3o-ca\u00e7amba.<\/p>\n<p>Fonte: R\u00e1dio Liberdade.<\/p>\n","protected":false},"excerpt":{"rendered":"<p>O fim de semana come\u00e7ou com o registro de\u00a06\u00a0homic\u00eddios em Pernambuco. Com estas mortes ocorridas nesta sexta-feira (18), subiu para\u00a0177\u00a0o&hellip;<\/p>\n","protected":false},"author":1,"featured_media":61616,"comment_status":"open","ping_status":"open","sticky":false,"template":"","format":"standard","meta":{"footnotes":""},"categories":[14120],"tags":[2,19532,19596],"class_list":["post-61615","post","type-post","status-publish","format-standard","has-post-thumbnail","hentry","category-noticias","tag-blog-do-edvaldo-magalhaes","tag-blog-mais-acessado-e-visualizado-de-caruaru-e-regiao","tag-fim-de-semana-comeca-com-6-homicidios-em-pernambuco-e-duas-mortes-no-transito"],"_links":{"self":[{"href":"https:\/\/blogdoedvaldomagalhaes.com.br\/index.php\/wp-json\/wp\/v2\/posts\/61615","targetHints":{"allow":["GET"]}}],"collection":[{"href":"https:\/\/blogdoedvaldomagalhaes.com.br\/index.php\/wp-json\/wp\/v2\/posts"}],"about":[{"href":"https:\/\/blogdoedvaldomagalhaes.com.br\/index.php\/wp-json\/wp\/v2\/types\/post"}],"author":[{"embeddable":true,"href":"https:\/\/blogdoedvaldomagalhaes.com.br\/index.php\/wp-json\/wp\/v2\/users\/1"}],"replies":[{"embeddable":true,"href":"https:\/\/blogdoedvaldomagalhaes.com.br\/index.php\/wp-json\/wp\/v2\/comments?post=61615"}],"version-history":[{"count":1,"href":"https:\/\/blogdoedvaldomagalhaes.com.br\/index.php\/wp-json\/wp\/v2\/posts\/61615\/revisions"}],"predecessor-version":[{"id":61617,"href":"https:\/\/blogdoedvaldomagalhaes.com.br\/index.php\/wp-json\/wp\/v2\/posts\/61615\/revisions\/61617"}],"wp:featuredmedia":[{"embeddable":true,"href":"https:\/\/blogdoedvaldomagalhaes.com.br\/index.php\/wp-json\/wp\/v2\/media\/61616"}],"wp:attachment":[{"href":"https:\/\/blogdoedvaldomagalhaes.com.br\/index.php\/wp-json\/wp\/v2\/media?parent=61615"}],"wp:term":[{"taxonomy":"category","embeddable":true,"href":"https:\/\/blogdoedvaldomagalhaes.com.br\/index.php\/wp-json\/wp\/v2\/categories?post=61615"},{"taxonomy":"post_tag","embeddable":true,"href":"https:\/\/blogdoedvaldomagalhaes.com.br\/index.php\/wp-json\/wp\/v2\/tags?post=61615"}],"curies":[{"name":"wp","href":"https:\/\/api.w.org\/{rel}","templated":true}]}}