{"id":616,"date":"2018-11-25T19:11:00","date_gmt":"2018-11-25T21:11:00","guid":{"rendered":"http:\/\/blogdoedvaldomagalhaes.com.br\/index.php\/2018\/11\/25\/conselho-municipal-de-politica-cultural_25\/"},"modified":"2019-02-09T02:42:53","modified_gmt":"2019-02-09T04:42:53","slug":"conselho-municipal-de-politica-cultural_25","status":"publish","type":"post","link":"https:\/\/blogdoedvaldomagalhaes.com.br\/index.php\/2018\/11\/25\/conselho-municipal-de-politica-cultural_25\/","title":{"rendered":"Conselho Municipal de Pol\u00edtica Cultural de Caruaru elege membros da sociedade civil"},"content":{"rendered":"<div class=\"separator\" style=\"clear: both; text-align: center;\">\n<a href=\"https:\/\/1.bp.blogspot.com\/-2mpTYcO6aUY\/W_rzM5wzX3I\/AAAAAAAA-U0\/zmX1oeDtd1k1HzRuecyFW9sf1gJ_if26QCLcBGAs\/s1600\/5.jpeg\" imageanchor=\"1\" style=\"margin-left: 1em; margin-right: 1em;\"><img loading=\"lazy\" decoding=\"async\" border=\"0\" data-original-height=\"960\" data-original-width=\"1280\" height=\"480\" src=\"http:\/\/blogdoedvaldomagalhaes.com.br\/wp-content\/uploads\/2018\/11\/5-3.jpeg\" width=\"640\" \/><\/a><\/div>\n<div class=\"separator\" style=\"clear: both; text-align: center;\">\nFotos: Jana\u00edna Pepeu\/Divulga\u00e7\u00e3o<\/div>\n<div style=\"text-align: justify;\">\n<\/div>\n<div style=\"text-align: justify;\">\nO Conselho Municipal de Pol\u00edtica Cultural de Caruaru (CMPCC), atrav\u00e9s da Comiss\u00e3o de Projetos Culturais, promoveu neste s\u00e1bado (24) o I F\u00f3rum Municipal de Cultura de Caruaru, que trouxe o tema \u201cCaruaru, cidade das artes\u201d. O encontro contou com o apoio da Prefeitura de Caruaru, atrav\u00e9s da Funda\u00e7\u00e3o de Cultura e Turismo (FCTC) e aconteceu no SENAC. Na oportunidade foi realizada a elei\u00e7\u00e3o para os novos membros da sociedade civil que ir\u00e3o compor o plen\u00e1rio do CMPCC.<\/div>\n<div style=\"text-align: justify;\">\n<\/div>\n<div class=\"separator\" style=\"clear: both; text-align: center;\">\n<a href=\"https:\/\/2.bp.blogspot.com\/-V_xjlOJ3bVg\/W_rzV_j0qtI\/AAAAAAAA-U4\/KJopfgGt4fc_sv3JwTwjD34YWNLnoyvJgCLcBGAs\/s1600\/6.jpeg\" imageanchor=\"1\" style=\"margin-left: 1em; margin-right: 1em;\"><img loading=\"lazy\" decoding=\"async\" border=\"0\" data-original-height=\"960\" data-original-width=\"1280\" height=\"480\" src=\"http:\/\/blogdoedvaldomagalhaes.com.br\/wp-content\/uploads\/2018\/11\/6-2.jpeg\" width=\"640\" \/><\/a><\/div>\n<div style=\"text-align: justify;\">\n<\/div>\n<div style=\"text-align: justify;\">\nDos 15 setoriais existentes, 11 tiveram qu\u00f3rum necess\u00e1rio para eleger os novos membros que ir\u00e3o compor o bi\u00eanio 2019 \u2013 2020. Sendo assim, de cada setorial se elegeu um conselheiro titular e um suplente. Ficaram de fora os setoriais de audiovisual, design e moda, dan\u00e7a e fotografia, que ter\u00e3o que realizar em dezembro deste ano, na sala do CMPCC, seus f\u00f3runs setoriais para fechar a nova turma de conselheiros que ir\u00e1 trabalhar nos pr\u00f3ximos dois anos. A pr\u00f3xima reuni\u00e3o da atual gest\u00e3o do conselho ser\u00e1 no dia dez de dezembro, na sala do conselho que fica no Museu do Barro de Caruaru.&nbsp;&nbsp;<\/div>\n<div style=\"text-align: justify;\">\n<\/div>\n<div class=\"separator\" style=\"clear: both; text-align: center;\">\n<a href=\"https:\/\/3.bp.blogspot.com\/-Z8wchPfpceE\/W_rzbPIyDiI\/AAAAAAAA-U8\/l_A7vNnGKbMubVNT0V4uCpLPWqn-UE2eQCLcBGAs\/s1600\/7.jpeg\" imageanchor=\"1\" style=\"margin-left: 1em; margin-right: 1em;\"><img loading=\"lazy\" decoding=\"async\" border=\"0\" data-original-height=\"960\" data-original-width=\"1280\" height=\"480\" src=\"http:\/\/blogdoedvaldomagalhaes.com.br\/wp-content\/uploads\/2018\/11\/7-1.jpeg\" width=\"640\" \/><\/a><\/div>\n<div style=\"text-align: justify;\">\n<\/div>\n<div style=\"text-align: justify;\">\nNesta elei\u00e7\u00e3o, mais de 70% dos f\u00f3runs elegeram seus novos representantes e os pr\u00f3ximos conselheiros ter\u00e3o o desafio de fazer os planos setoriais nos pr\u00f3ximos dois anos. \u201cEssa gest\u00e3o que encerra 2017-2018 entregou os editais do S\u00e3o Jo\u00e3o, da Semana Santa, a Lei do Patrim\u00f4nio Vivo de Caruaru, os projetos de lei do Plano Municipal de Cultura e do Fundo Municipal de Cultura. Em dois anos conseguimos avan\u00e7ar bastante para deixar esse legado\u201d, destacou o vice-presidente do CMPCC, Leonardo Salazar, que \u00e9 tamb\u00e9m vice-presidente da FCTC.<\/div>\n<div style=\"text-align: justify;\">\n<\/div>\n<div class=\"separator\" style=\"clear: both; text-align: center;\">\n<a href=\"https:\/\/4.bp.blogspot.com\/-evGyPPmmodg\/W_rzytF_NJI\/AAAAAAAA-VM\/xhI8OYrs5DszFv4ZP_DGtdkCJZ8EpoeMgCLcBGAs\/s1600\/3.JPG\" imageanchor=\"1\" style=\"margin-left: 1em; margin-right: 1em;\"><img loading=\"lazy\" decoding=\"async\" border=\"0\" data-original-height=\"1065\" data-original-width=\"1600\" height=\"424\" src=\"http:\/\/blogdoedvaldomagalhaes.com.br\/wp-content\/uploads\/2018\/11\/3-9.jpg\" width=\"640\" \/><\/a><\/div>\n<div style=\"text-align: justify;\">\n<\/div>\n<div style=\"text-align: justify;\">\nLista dos 11 setoriais e seus respectivos membros titulares e suplentes eleitos no I F\u00f3rum Municipal de Cultura de Caruaru:<\/div>\n<div style=\"text-align: justify;\">\n<\/div>\n<div style=\"text-align: justify;\">\n. Artes Visuais &#8211; Humberto Bot\u00e3o e Daniele Guerreiro;<\/div>\n<div style=\"text-align: justify;\">\n<\/div>\n<div style=\"text-align: justify;\">\n. Artesanato: Maria do Socorro Rodrigues e Cleonice Ot\u00edlia da Silva;<\/div>\n<div style=\"text-align: justify;\">\n<\/div>\n<div style=\"text-align: justify;\">\n. M\u00fasica: Jo\u00e3o Batista e Renilda Cardoso;<\/div>\n<div style=\"text-align: justify;\">\n<\/div>\n<div style=\"text-align: justify;\">\n. Artes C\u00eanicas: Rafael Am\u00e2ncio Silva e F\u00e1bio Val\u00e9rio Bezerra Pascoal;<\/div>\n<div style=\"text-align: justify;\">\n<\/div>\n<div style=\"text-align: justify;\">\n. Cultura Popular: Ivanilda Oliveira de Lira e Josimael Almeida da Silva;<\/div>\n<div style=\"text-align: justify;\">\n<\/div>\n<div style=\"text-align: justify;\">\n. Arquitetura, Urbanismo e Patrim\u00f4nio Cultural: S\u00e9rgio Cardoso e Cl\u00e1udia Pinto;<\/div>\n<div style=\"text-align: justify;\">\n<\/div>\n<div style=\"text-align: justify;\">\n. Povos Tradicionais: Jeremias A. Silva de Aquino e Marcia Eduarda da Silva;<\/div>\n<div style=\"text-align: justify;\">\n<\/div>\n<div style=\"text-align: justify;\">\n. Agentes Culturais, Trabalhadores da Cultura e Produtores Culturais: Carmem Val\u00e9ria da Silva e A\u00edlza Andrade Trajano;<\/div>\n<div style=\"text-align: justify;\">\n<\/div>\n<div style=\"text-align: justify;\">\n. Institui\u00e7\u00f5es Culturais n\u00e3o Governamentais: Agildo Galoin e Edil\u00e2nio Teixeira de Carvalho Filho;<\/div>\n<div style=\"text-align: justify;\">\n<\/div>\n<div style=\"text-align: justify;\">\n&nbsp;. Gastronomia: Gleiciele Maria Bezerra e Webson Flor\u00eancio;<\/div>\n<div style=\"text-align: justify;\">\n<\/div>\n<div style=\"text-align: justify;\">\n. Livro, leitura e literatura: Valdez Soares e Jefferson Morais.<\/div>\n<div style=\"text-align: justify;\">\n<\/div>\n","protected":false},"excerpt":{"rendered":"<p>Fotos: Jana\u00edna Pepeu\/Divulga\u00e7\u00e3o O Conselho Municipal de Pol\u00edtica Cultural de Caruaru (CMPCC), atrav\u00e9s da Comiss\u00e3o de Projetos Culturais, promoveu neste&hellip;<\/p>\n","protected":false},"author":1,"featured_media":0,"comment_status":"open","ping_status":"open","sticky":false,"template":"","format":"standard","meta":{"footnotes":""},"categories":[1],"tags":[2,543,6],"class_list":["post-616","post","type-post","status-publish","format-standard","hentry","category-sem-categoria","tag-blog-do-edvaldo-magalhaes","tag-conselho-municipal-de-politica-cultural-de-caruaru-elege-membros-da-sociedade-civil","tag-noticias"],"_links":{"self":[{"href":"https:\/\/blogdoedvaldomagalhaes.com.br\/index.php\/wp-json\/wp\/v2\/posts\/616","targetHints":{"allow":["GET"]}}],"collection":[{"href":"https:\/\/blogdoedvaldomagalhaes.com.br\/index.php\/wp-json\/wp\/v2\/posts"}],"about":[{"href":"https:\/\/blogdoedvaldomagalhaes.com.br\/index.php\/wp-json\/wp\/v2\/types\/post"}],"author":[{"embeddable":true,"href":"https:\/\/blogdoedvaldomagalhaes.com.br\/index.php\/wp-json\/wp\/v2\/users\/1"}],"replies":[{"embeddable":true,"href":"https:\/\/blogdoedvaldomagalhaes.com.br\/index.php\/wp-json\/wp\/v2\/comments?post=616"}],"version-history":[{"count":1,"href":"https:\/\/blogdoedvaldomagalhaes.com.br\/index.php\/wp-json\/wp\/v2\/posts\/616\/revisions"}],"predecessor-version":[{"id":36162,"href":"https:\/\/blogdoedvaldomagalhaes.com.br\/index.php\/wp-json\/wp\/v2\/posts\/616\/revisions\/36162"}],"wp:attachment":[{"href":"https:\/\/blogdoedvaldomagalhaes.com.br\/index.php\/wp-json\/wp\/v2\/media?parent=616"}],"wp:term":[{"taxonomy":"category","embeddable":true,"href":"https:\/\/blogdoedvaldomagalhaes.com.br\/index.php\/wp-json\/wp\/v2\/categories?post=616"},{"taxonomy":"post_tag","embeddable":true,"href":"https:\/\/blogdoedvaldomagalhaes.com.br\/index.php\/wp-json\/wp\/v2\/tags?post=616"}],"curies":[{"name":"wp","href":"https:\/\/api.w.org\/{rel}","templated":true}]}}