{"id":615,"date":"2018-11-25T21:15:00","date_gmt":"2018-11-25T23:15:00","guid":{"rendered":"http:\/\/blogdoedvaldomagalhaes.com.br\/index.php\/2018\/11\/25\/carro-capota-na-br-232-e-motorista-e\/"},"modified":"2019-02-09T02:42:53","modified_gmt":"2019-02-09T04:42:53","slug":"carro-capota-na-br-232-e-motorista-e","status":"publish","type":"post","link":"https:\/\/blogdoedvaldomagalhaes.com.br\/index.php\/2018\/11\/25\/carro-capota-na-br-232-e-motorista-e\/","title":{"rendered":"Carro capota na BR-232 e motorista \u00e9 socorrido para o HRA"},"content":{"rendered":"<div class=\"separator\" style=\"clear: both; text-align: center;\">\n<a href=\"https:\/\/1.bp.blogspot.com\/-hCNgvbIWmiY\/W_sPW2o0YTI\/AAAAAAAA-VY\/kUoHtNLCeOUDM6wL0O4fqa-VERF-WEFJwCLcBGAs\/s1600\/IMG-20181125-WA0257.jpg\" imageanchor=\"1\" style=\"margin-left: 1em; margin-right: 1em;\"><img loading=\"lazy\" decoding=\"async\" border=\"0\" data-original-height=\"960\" data-original-width=\"1280\" height=\"480\" src=\"http:\/\/blogdoedvaldomagalhaes.com.br\/wp-content\/uploads\/2018\/11\/IMG-20181125-WA0257.jpg\" width=\"640\" \/><\/a><\/div>\n<p><\/p>\n<div style=\"text-align: justify;\">\nUm Fiat Uno capotou por volta das 16h30 deste domingo (25), na BR-232, nas proximidades do s\u00edtio Vasco, sentido Capital\/Interior. O motorista Dami\u00e3o Marcionilo da Silva, 37 anos, residente no bairro S\u00e3o Jo\u00e3o da Esc\u00f3cia, voltava do anivers\u00e1rio da genitora, no s\u00edtio Boas Novas, munic\u00edpio de Bezerros, no ve\u00edculo emprestado por um amigo, quando aconteceu o acidente.<\/p>\n<p><\/p>\n<div class=\"separator\" style=\"clear: both; text-align: center;\">\n<a href=\"https:\/\/4.bp.blogspot.com\/-uscHyEFAesQ\/W_sV9J--7yI\/AAAAAAAA-Vk\/pC0Y07-XjzwF-5FklIhfV7XgJZgygBVUwCLcBGAs\/s1600\/IMG_20181125_182607973.jpg\" imageanchor=\"1\" style=\"margin-left: 1em; margin-right: 1em;\"><img loading=\"lazy\" decoding=\"async\" border=\"0\" data-original-height=\"1200\" data-original-width=\"1600\" height=\"480\" src=\"http:\/\/blogdoedvaldomagalhaes.com.br\/wp-content\/uploads\/2018\/11\/IMG_20181125_182607973.jpg\" width=\"640\" \/><\/a><\/div>\n<p><\/p>\n<div class=\"separator\" style=\"clear: both; text-align: center;\">\n<\/div>\n<p><\/p>\n<div class=\"separator\" style=\"clear: both; text-align: center;\">\n<a href=\"https:\/\/1.bp.blogspot.com\/-caffio1n7yY\/W_sWCdCUNgI\/AAAAAAAA-Vo\/9s6dUrgITD0rnjqAxcAmnMcEfw5IMCeMgCLcBGAs\/s1600\/IMG_20181125_182619924.jpg\" imageanchor=\"1\" style=\"margin-left: 1em; margin-right: 1em;\"><img loading=\"lazy\" decoding=\"async\" border=\"0\" data-original-height=\"1200\" data-original-width=\"1600\" height=\"480\" src=\"http:\/\/blogdoedvaldomagalhaes.com.br\/wp-content\/uploads\/2018\/11\/IMG_20181125_182619924.jpg\" width=\"640\" \/><\/a><\/div>\n<p>\nSegundo informa\u00e7\u00f5es da esposa do motorista, de nome F\u00e1tima, um ve\u00edculo que vinha atr\u00e1s bateu no Fiat Uno, provocou o acidente e se evadiu do local sem prestar socorro \u00e0s v\u00edtimas, que foram levadas para o Hospital Regional do Agreste. O motorista teve escoria\u00e7\u00f5es por todo corpo e principalmente no rosto, estando na Sala Vermelha do HRA, enquanto que os outros ocupantes do Fiat Uno tiveram apenas pequenas escoria\u00e7\u00f5es e foram liberados ap\u00f3s o atendimento.<\/p>\n<p>Veja o v\u00eddeo abaixo (reprodu\u00e7\u00e3o\/Whatsapp):<\/p>\n<div class=\"separator\" style=\"clear: both; text-align: center;\">\n<\/div>\n<\/div>\n","protected":false},"excerpt":{"rendered":"<p>Um Fiat Uno capotou por volta das 16h30 deste domingo (25), na BR-232, nas proximidades do s\u00edtio Vasco, sentido Capital\/Interior.&hellip;<\/p>\n","protected":false},"author":1,"featured_media":0,"comment_status":"open","ping_status":"open","sticky":false,"template":"","format":"standard","meta":{"footnotes":""},"categories":[1],"tags":[2,542,6],"class_list":["post-615","post","type-post","status-publish","format-standard","hentry","category-sem-categoria","tag-blog-do-edvaldo-magalhaes","tag-carro-capota-na-br-232-e-motorista-e-socorrido-para-o-hra","tag-noticias"],"_links":{"self":[{"href":"https:\/\/blogdoedvaldomagalhaes.com.br\/index.php\/wp-json\/wp\/v2\/posts\/615","targetHints":{"allow":["GET"]}}],"collection":[{"href":"https:\/\/blogdoedvaldomagalhaes.com.br\/index.php\/wp-json\/wp\/v2\/posts"}],"about":[{"href":"https:\/\/blogdoedvaldomagalhaes.com.br\/index.php\/wp-json\/wp\/v2\/types\/post"}],"author":[{"embeddable":true,"href":"https:\/\/blogdoedvaldomagalhaes.com.br\/index.php\/wp-json\/wp\/v2\/users\/1"}],"replies":[{"embeddable":true,"href":"https:\/\/blogdoedvaldomagalhaes.com.br\/index.php\/wp-json\/wp\/v2\/comments?post=615"}],"version-history":[{"count":1,"href":"https:\/\/blogdoedvaldomagalhaes.com.br\/index.php\/wp-json\/wp\/v2\/posts\/615\/revisions"}],"predecessor-version":[{"id":36166,"href":"https:\/\/blogdoedvaldomagalhaes.com.br\/index.php\/wp-json\/wp\/v2\/posts\/615\/revisions\/36166"}],"wp:attachment":[{"href":"https:\/\/blogdoedvaldomagalhaes.com.br\/index.php\/wp-json\/wp\/v2\/media?parent=615"}],"wp:term":[{"taxonomy":"category","embeddable":true,"href":"https:\/\/blogdoedvaldomagalhaes.com.br\/index.php\/wp-json\/wp\/v2\/categories?post=615"},{"taxonomy":"post_tag","embeddable":true,"href":"https:\/\/blogdoedvaldomagalhaes.com.br\/index.php\/wp-json\/wp\/v2\/tags?post=615"}],"curies":[{"name":"wp","href":"https:\/\/api.w.org\/{rel}","templated":true}]}}