{"id":61419,"date":"2020-09-14T19:30:14","date_gmt":"2020-09-14T22:30:14","guid":{"rendered":"https:\/\/blogdoedvaldomagalhaes.com.br\/?p=61419"},"modified":"2020-09-14T19:34:10","modified_gmt":"2020-09-14T22:34:10","slug":"caruaru-registra-61-novos-casos-de-covid-19-e-mais-duas-mortes","status":"publish","type":"post","link":"https:\/\/blogdoedvaldomagalhaes.com.br\/index.php\/2020\/09\/14\/caruaru-registra-61-novos-casos-de-covid-19-e-mais-duas-mortes\/","title":{"rendered":"Caruaru registra 61 novos casos de covid-19 e mais duas mortes"},"content":{"rendered":"<p style=\"text-align: justify;\">A Secretaria de Sa\u00fade de Caruaru registrou&nbsp;<strong>61<\/strong>&nbsp;novos casos de covid-19 em 24 horas, incluindo&nbsp;<strong>2<\/strong>&nbsp;\u00f3bitos. De acordo com boletim divulgado na noite desta segunda-feira (14), as mortes foram de dois homens, de 71 e 86 anos, e ocorreram no per\u00edodo de 9 a 12 de setembro.<\/p>\n<p style=\"text-align: justify;\">Caruaru soma agora&nbsp;<strong>7.795<\/strong>&nbsp;casos do novo coronav\u00edrus e&nbsp;<strong>321<\/strong>&nbsp;\u00f3bitos. Est\u00e3o em investiga\u00e7\u00e3o outras duas mortes e&nbsp;<strong>541<\/strong>&nbsp;casos. O n\u00famero de pacientes recuperados da doen\u00e7a subiu para&nbsp;<strong>7.357<\/strong>&nbsp;(94,38%) e j\u00e1 foram descartados&nbsp;<strong>13.169<\/strong>&nbsp;casos.<\/p>\n\n","protected":false},"excerpt":{"rendered":"<p>A Secretaria de Sa\u00fade de Caruaru registrou&nbsp;61&nbsp;novos casos de covid-19 em 24 horas, incluindo&nbsp;2&nbsp;\u00f3bitos. De acordo com boletim divulgado na&hellip;<\/p>\n","protected":false},"author":1,"featured_media":61420,"comment_status":"open","ping_status":"open","sticky":false,"template":"","format":"standard","meta":{"footnotes":""},"categories":[14120],"tags":[2,19532,19553,17948],"class_list":["post-61419","post","type-post","status-publish","format-standard","has-post-thumbnail","hentry","category-noticias","tag-blog-do-edvaldo-magalhaes","tag-blog-mais-acessado-e-visualizado-de-caruaru-e-regiao","tag-caruaru-registra-61-novos-casos-de-covid-19-e-mais-duas-mortes","tag-coronavirus-2"],"_links":{"self":[{"href":"https:\/\/blogdoedvaldomagalhaes.com.br\/index.php\/wp-json\/wp\/v2\/posts\/61419","targetHints":{"allow":["GET"]}}],"collection":[{"href":"https:\/\/blogdoedvaldomagalhaes.com.br\/index.php\/wp-json\/wp\/v2\/posts"}],"about":[{"href":"https:\/\/blogdoedvaldomagalhaes.com.br\/index.php\/wp-json\/wp\/v2\/types\/post"}],"author":[{"embeddable":true,"href":"https:\/\/blogdoedvaldomagalhaes.com.br\/index.php\/wp-json\/wp\/v2\/users\/1"}],"replies":[{"embeddable":true,"href":"https:\/\/blogdoedvaldomagalhaes.com.br\/index.php\/wp-json\/wp\/v2\/comments?post=61419"}],"version-history":[{"count":3,"href":"https:\/\/blogdoedvaldomagalhaes.com.br\/index.php\/wp-json\/wp\/v2\/posts\/61419\/revisions"}],"predecessor-version":[{"id":61423,"href":"https:\/\/blogdoedvaldomagalhaes.com.br\/index.php\/wp-json\/wp\/v2\/posts\/61419\/revisions\/61423"}],"wp:featuredmedia":[{"embeddable":true,"href":"https:\/\/blogdoedvaldomagalhaes.com.br\/index.php\/wp-json\/wp\/v2\/media\/61420"}],"wp:attachment":[{"href":"https:\/\/blogdoedvaldomagalhaes.com.br\/index.php\/wp-json\/wp\/v2\/media?parent=61419"}],"wp:term":[{"taxonomy":"category","embeddable":true,"href":"https:\/\/blogdoedvaldomagalhaes.com.br\/index.php\/wp-json\/wp\/v2\/categories?post=61419"},{"taxonomy":"post_tag","embeddable":true,"href":"https:\/\/blogdoedvaldomagalhaes.com.br\/index.php\/wp-json\/wp\/v2\/tags?post=61419"}],"curies":[{"name":"wp","href":"https:\/\/api.w.org\/{rel}","templated":true}]}}