{"id":61413,"date":"2020-09-14T12:51:44","date_gmt":"2020-09-14T15:51:44","guid":{"rendered":"https:\/\/blogdoedvaldomagalhaes.com.br\/?p=61413"},"modified":"2020-09-14T14:05:52","modified_gmt":"2020-09-14T17:05:52","slug":"veja-o-que-abre-e-fecha-em-caruaru-no-feriado-do-dia-da-padroeira-nesta-terca-15","status":"publish","type":"post","link":"https:\/\/blogdoedvaldomagalhaes.com.br\/index.php\/2020\/09\/14\/veja-o-que-abre-e-fecha-em-caruaru-no-feriado-do-dia-da-padroeira-nesta-terca-15\/","title":{"rendered":"Veja o que abre e fecha em Caruaru no feriado do Dia da Padroeira nesta ter\u00e7a (15)"},"content":{"rendered":"<p style=\"text-align: justify;\"><span style=\"font-size: inherit;\">O Sindicato dos Lojistas do Com\u00e9rcio de Caruaru (Sindloja) informa que o com\u00e9rcio tradicional n\u00e3o poder\u00e1 determinar jornada de trabalho no dia 15 de setembro, dia da padroeira de Caruaru, Nossa Senhora das Dores, e, conforme a lei municipal de n\u00ba 2.959, de 19 de junho de 1985, \u00e9 feriado municipal.<\/span><\/p>\n<p style=\"text-align: justify;\">O Sindloja foi procurado por v\u00e1rias empresas solicitando a abertura no dia 15, pois, depois de tantos dias fechados, precisam amenizar as perdas ocorridas no per\u00edodo de quarentena. Muitos que abriram seus estabelecimentos no dia 7 de setembro tiveram um bom movimento, mostranto a import\u00e2ncia desse tipo de abertura para recupera\u00e7\u00e3o de nossa economia.<\/p>\n<p style=\"text-align: justify;\">Ap\u00f3s diversas tentativas de acordo com o Sindecc, n\u00e3o houve avan\u00e7o das negocia\u00e7\u00f5es para abertura no feriado, mesmo estando garantidos todos os benef\u00edcios constantes na Conven\u00e7\u00e3o Coletiva de Trabalho (CCT) para determina\u00e7\u00e3o de jornada em feriados, como folga em at\u00e9 30 dias, vale-transporte (ou alimenta\u00e7\u00e3o fornecida) e ajuda de custo.<\/p>\n<p style=\"text-align: justify;\">Entendemos que mais um feriado no calend\u00e1rio traz muitos danos ao com\u00e9rcio varejista, que passa por um momento extremamente dif\u00edcil em meio \u00e0 pandemia e com uma retomada econ\u00f4mica ainda t\u00edmida e cheia de percal\u00e7os.<\/p>\n<p style=\"text-align: justify;\">O sindicado profissional prop\u00f4s a mudan\u00e7a do feriado da ter\u00e7a para a segunda, mas o Sindloja discordou devido \u00e0 realiza\u00e7\u00e3o da Feira da Sulanca, dia de grande movimenta\u00e7\u00e3o econ\u00f4mica na cidade. N\u00e3o seria justo fechar as lojas neste dia que atrai dezenas de compradores de v\u00e1rias regi\u00f5es. Por isso, optamos por n\u00e3o considerar essa uma sugest\u00e3o vi\u00e1vel.<\/p>\n<p style=\"text-align: justify;\">Lembramos que no dia 15 de setembro as lojas situadas nos centros de compras (Caruaru Shopping, Shopping Difusora, F\u00e1brica da Moda e Polo Caruaru) poder\u00e3o funcionar normalmente, mediante de solicita\u00e7\u00e3o de abertura.<\/p>\n<p style=\"text-align: justify;\">Bancos, Lot\u00e9ricas e Correios estar\u00e3o fechados.<\/p>\n<p style=\"text-align: justify;\"><span style=\"font-size: inherit;\">Sa\u00fade: UPAS ficam abertas 24h, normalmente, assim como os hospitais e o SAMU.<\/span><\/p>\n<p style=\"text-align: justify;\">Secretaria de Desenvolvimento Social e Direitos Humanos: Servi\u00e7os de urg\u00eancia (como aux\u00edlio-funer\u00e1rio) funcionar\u00e3o normalmente.<\/p>\n<p style=\"text-align: justify;\">Cultura: Os museus da cidade estar\u00e3o fechados.<\/p>\n<p style=\"text-align: justify;\">CEACA: Vai funcionar normalmente, da 0h \u00e0s 12h.<\/p>\n<p style=\"text-align: justify;\">Servi\u00e7os P\u00fablicos: A coleta domiciliar ser\u00e1 normal na cidade.<\/p>\n<p style=\"text-align: justify;\">A Feira de Gado funcionar\u00e1 normalmente. J\u00e1 o mercado p\u00fablico do Salgado e o mercado da carne funcionam at\u00e9 meio-dia. Os demais estar\u00e3o fechados.<\/p>\n<p style=\"text-align: justify;\">Os parques ecol\u00f3gicos do munic\u00edpio funcionam normalmente, das 9h \u00e0s 17h.<\/p>\n","protected":false},"excerpt":{"rendered":"<p>O Sindicato dos Lojistas do Com\u00e9rcio de Caruaru (Sindloja) informa que o com\u00e9rcio tradicional n\u00e3o poder\u00e1 determinar jornada de trabalho&hellip;<\/p>\n","protected":false},"author":1,"featured_media":61414,"comment_status":"open","ping_status":"open","sticky":false,"template":"","format":"standard","meta":{"footnotes":""},"categories":[14120],"tags":[2,19418,1950,19552],"class_list":["post-61413","post","type-post","status-publish","format-standard","has-post-thumbnail","hentry","category-noticias","tag-blog-do-edvaldo-magalhaes","tag-blog-mais-acessado-de-caruaru-e-regiao","tag-noticias-de-caruaru","tag-veja-o-que-abre-e-fecha-em-caruaru-no-feriado-do-dia-da-padroeira-nesta-terca-15"],"_links":{"self":[{"href":"https:\/\/blogdoedvaldomagalhaes.com.br\/index.php\/wp-json\/wp\/v2\/posts\/61413","targetHints":{"allow":["GET"]}}],"collection":[{"href":"https:\/\/blogdoedvaldomagalhaes.com.br\/index.php\/wp-json\/wp\/v2\/posts"}],"about":[{"href":"https:\/\/blogdoedvaldomagalhaes.com.br\/index.php\/wp-json\/wp\/v2\/types\/post"}],"author":[{"embeddable":true,"href":"https:\/\/blogdoedvaldomagalhaes.com.br\/index.php\/wp-json\/wp\/v2\/users\/1"}],"replies":[{"embeddable":true,"href":"https:\/\/blogdoedvaldomagalhaes.com.br\/index.php\/wp-json\/wp\/v2\/comments?post=61413"}],"version-history":[{"count":3,"href":"https:\/\/blogdoedvaldomagalhaes.com.br\/index.php\/wp-json\/wp\/v2\/posts\/61413\/revisions"}],"predecessor-version":[{"id":61418,"href":"https:\/\/blogdoedvaldomagalhaes.com.br\/index.php\/wp-json\/wp\/v2\/posts\/61413\/revisions\/61418"}],"wp:featuredmedia":[{"embeddable":true,"href":"https:\/\/blogdoedvaldomagalhaes.com.br\/index.php\/wp-json\/wp\/v2\/media\/61414"}],"wp:attachment":[{"href":"https:\/\/blogdoedvaldomagalhaes.com.br\/index.php\/wp-json\/wp\/v2\/media?parent=61413"}],"wp:term":[{"taxonomy":"category","embeddable":true,"href":"https:\/\/blogdoedvaldomagalhaes.com.br\/index.php\/wp-json\/wp\/v2\/categories?post=61413"},{"taxonomy":"post_tag","embeddable":true,"href":"https:\/\/blogdoedvaldomagalhaes.com.br\/index.php\/wp-json\/wp\/v2\/tags?post=61413"}],"curies":[{"name":"wp","href":"https:\/\/api.w.org\/{rel}","templated":true}]}}