{"id":61410,"date":"2020-09-14T12:26:34","date_gmt":"2020-09-14T15:26:34","guid":{"rendered":"https:\/\/blogdoedvaldomagalhaes.com.br\/?p=61410"},"modified":"2020-09-14T12:26:35","modified_gmt":"2020-09-14T15:26:35","slug":"celebracoes-do-dia-da-padroeira-de-caruaru-tem-novos-horarios-nesta-terca-15-confira","status":"publish","type":"post","link":"https:\/\/blogdoedvaldomagalhaes.com.br\/index.php\/2020\/09\/14\/celebracoes-do-dia-da-padroeira-de-caruaru-tem-novos-horarios-nesta-terca-15-confira\/","title":{"rendered":"Celebra\u00e7\u00f5es do Dia da Padroeira de Caruaru tem novos hor\u00e1rios nesta ter\u00e7a (15); Confira"},"content":{"rendered":"<p style=\"text-align: justify;\"><span style=\"font-size: inherit;\">Nesta ter\u00e7a-feira (15) \u00e9 celebrado o dia de Nossa Senhora das Dores, padroeira de Caruaru. Com a retomada do feriado nesta data, a Diocese de Caruaru realizou mudan\u00e7as nos hor\u00e1rios da tradicional programa\u00e7\u00e3o festiva, que ser\u00e1 celebrada na Catedral durante todo o dia. A festividade ser\u00e1 aberta ao p\u00fablico, mas para poder participar das celebra\u00e7\u00f5es \u00e9 necess\u00e1rio fazer o agendamento por meio do Instagram, Facebook ou por telefone no n\u00famero (81) 3721-1642.<\/span><\/p>\n<p style=\"text-align: justify;\">A programa\u00e7\u00e3o ser\u00e1 iniciada \u00e0s 6h com o Of\u00edcio de Nossa Senhora, \u00e0s 7h o Of\u00edcio de Laudes ser\u00e1 cantado pelos seminaristas do Semin\u00e1rio Interdiocesano que carrega o nome da padroeira. Neste momento ser\u00e1 feita a entroniza\u00e7\u00e3o da imagem em frente a Catedral. Todos aqueles que n\u00e3o est\u00e3o podendo participar da festividade devido \u00e0s regras definidas para o per\u00edodo de pandemia poder\u00e3o passar para realizar seu momento de ora\u00e7\u00e3o. Todo um esquema de tr\u00e2nsito foi montado para desviar o percurso dos demais ve\u00edculos pela rua D\u00e1cio Esp\u00f3sito.<\/p>\n<p style=\"text-align: justify;\">As celebra\u00e7\u00f5es eucar\u00edsticas ser\u00e3o realizadas \u00e0s 8h, 10h, 15h e 17h, sendo a das 10h a Missa Solene presidida pelo bispo diocesano Dom Jos\u00e9 Ruy. Ao t\u00e9rmino da missa das 15h, por volta das 16h30, a programa\u00e7\u00e3o seguir\u00e1 com uma peregrina\u00e7\u00e3o da imagem de Nossa Senhora das Dores pelas ruas da cidade. Em paralelo ser\u00e1 realizada a missa das 17h na Catedral. Os ve\u00edculos que quiserem acompanhar o trajeto ser\u00e3o identificados com um adesivo e decorados por uma equipe da Catedral. Ao t\u00e9rmino da peregrina\u00e7\u00e3o haver\u00e1 a ben\u00e7\u00e3o na frente da Catedral.<\/p>\n<p style=\"text-align: justify;\">PROGRAMA\u00c7\u00c3O &#8211; 15 DE SETEMBRO \u2013 (TER\u00c7A-FEIRA)<\/p>\n<p style=\"text-align: justify;\">06h \u2013 Of\u00edcio de Nossa Senhora<br \/>\n7h \u2013 Of\u00edcio das Laudes e entroniza\u00e7\u00e3o da imagem da Padroeira na frente da Catedral;<br \/>\n8h \u2013 Santa Missa presidida por Pe. Alexsandro Jorge;<br \/>\n10h \u2013 Missa Solene presidida por Dom Jos\u00e9 Ruy (bispo diocesano);<br \/>\n15h \u2013 Santa Missa presidida por Dom Lu\u00eds Gonzaga Pepeu (arcebispo em\u00e9rito de Vit\u00f3ria da Conquista \u2013 BA);<br \/>\n16h30 \u2013 Peregrina\u00e7\u00e3o da imagem de Nossa Senhora das Dores (prociss\u00e3o motorizada);<br \/>\n17h \u2013 Santa Missa;<br \/>\n18h30 \u2013 B\u00ean\u00e7\u00e3o Final<\/p>\n","protected":false},"excerpt":{"rendered":"<p>Nesta ter\u00e7a-feira (15) \u00e9 celebrado o dia de Nossa Senhora das Dores, padroeira de Caruaru. Com a retomada do feriado&hellip;<\/p>\n","protected":false},"author":1,"featured_media":61411,"comment_status":"open","ping_status":"open","sticky":false,"template":"","format":"standard","meta":{"footnotes":""},"categories":[14120],"tags":[2,19532,19551,5967],"class_list":["post-61410","post","type-post","status-publish","format-standard","has-post-thumbnail","hentry","category-noticias","tag-blog-do-edvaldo-magalhaes","tag-blog-mais-acessado-e-visualizado-de-caruaru-e-regiao","tag-celebracoes-do-dia-da-padroeira-de-caruaru-tem-novos-horarios-nesta-terca-15-confira","tag-nossa-senhora-das-dores"],"_links":{"self":[{"href":"https:\/\/blogdoedvaldomagalhaes.com.br\/index.php\/wp-json\/wp\/v2\/posts\/61410","targetHints":{"allow":["GET"]}}],"collection":[{"href":"https:\/\/blogdoedvaldomagalhaes.com.br\/index.php\/wp-json\/wp\/v2\/posts"}],"about":[{"href":"https:\/\/blogdoedvaldomagalhaes.com.br\/index.php\/wp-json\/wp\/v2\/types\/post"}],"author":[{"embeddable":true,"href":"https:\/\/blogdoedvaldomagalhaes.com.br\/index.php\/wp-json\/wp\/v2\/users\/1"}],"replies":[{"embeddable":true,"href":"https:\/\/blogdoedvaldomagalhaes.com.br\/index.php\/wp-json\/wp\/v2\/comments?post=61410"}],"version-history":[{"count":1,"href":"https:\/\/blogdoedvaldomagalhaes.com.br\/index.php\/wp-json\/wp\/v2\/posts\/61410\/revisions"}],"predecessor-version":[{"id":61412,"href":"https:\/\/blogdoedvaldomagalhaes.com.br\/index.php\/wp-json\/wp\/v2\/posts\/61410\/revisions\/61412"}],"wp:featuredmedia":[{"embeddable":true,"href":"https:\/\/blogdoedvaldomagalhaes.com.br\/index.php\/wp-json\/wp\/v2\/media\/61411"}],"wp:attachment":[{"href":"https:\/\/blogdoedvaldomagalhaes.com.br\/index.php\/wp-json\/wp\/v2\/media?parent=61410"}],"wp:term":[{"taxonomy":"category","embeddable":true,"href":"https:\/\/blogdoedvaldomagalhaes.com.br\/index.php\/wp-json\/wp\/v2\/categories?post=61410"},{"taxonomy":"post_tag","embeddable":true,"href":"https:\/\/blogdoedvaldomagalhaes.com.br\/index.php\/wp-json\/wp\/v2\/tags?post=61410"}],"curies":[{"name":"wp","href":"https:\/\/api.w.org\/{rel}","templated":true}]}}