{"id":61406,"date":"2020-09-14T12:13:18","date_gmt":"2020-09-14T15:13:18","guid":{"rendered":"https:\/\/blogdoedvaldomagalhaes.com.br\/?p=61406"},"modified":"2020-09-14T12:13:19","modified_gmt":"2020-09-14T15:13:19","slug":"onibus-escolar-e-apreendido-por-transporte-irregular-de-passageiros-na-br-423-em-pernambuco","status":"publish","type":"post","link":"https:\/\/blogdoedvaldomagalhaes.com.br\/index.php\/2020\/09\/14\/onibus-escolar-e-apreendido-por-transporte-irregular-de-passageiros-na-br-423-em-pernambuco\/","title":{"rendered":"\u00d4nibus escolar \u00e9 apreendido por transporte irregular de passageiros na BR 423 em Pernambuco"},"content":{"rendered":"<p style=\"text-align: justify;\"><span style=\"font-size: inherit;\">O ve\u00edculo utilizado para transportar estudantes foi apreendido neste domingo (13), na BR 423, em Garanhuns, no Agreste de Pernambuco. O ve\u00edculo estava em mau estado de conserva\u00e7\u00e3o e o motorista era inabilitado.<\/span><\/p>\n<p style=\"text-align: justify;\">Policiais Rodovi\u00e1rios Federais realizavam uma fiscaliza\u00e7\u00e3o no quil\u00f4metro 104 da rodovia, quando abordaram um \u00f4nibus escolar utilizado por uma prefeitura municipal. Nele haviam 8 passageiros. Durante a verifica\u00e7\u00e3o, foi constatado que o ve\u00edculo estava em mau estado de conserva\u00e7\u00e3o, com janelas e retrovisores quebrados.<\/p>\n<p style=\"text-align: justify;\">O \u00f4nibus foi removido para o p\u00e1tio da PRF at\u00e9 que seja devidamente regularizado. Os passageiros ficaram aguardando transporte legalizado, que foi enviado prefeitura para seguirem viagem.<\/p>\n\n\n<figure class=\"wp-block-image size-large\"><img loading=\"lazy\" decoding=\"async\" width=\"1024\" height=\"768\" src=\"https:\/\/blogdoedvaldomagalhaes.com.br\/wp-content\/uploads\/2020\/09\/IMG-20200914-WA0127-1024x768.jpg\" alt=\"\" class=\"wp-image-61408\" srcset=\"https:\/\/blogdoedvaldomagalhaes.com.br\/wp-content\/uploads\/2020\/09\/IMG-20200914-WA0127-1024x768.jpg 1024w, https:\/\/blogdoedvaldomagalhaes.com.br\/wp-content\/uploads\/2020\/09\/IMG-20200914-WA0127-300x225.jpg 300w, https:\/\/blogdoedvaldomagalhaes.com.br\/wp-content\/uploads\/2020\/09\/IMG-20200914-WA0127-768x576.jpg 768w, https:\/\/blogdoedvaldomagalhaes.com.br\/wp-content\/uploads\/2020\/09\/IMG-20200914-WA0127-160x120.jpg 160w, https:\/\/blogdoedvaldomagalhaes.com.br\/wp-content\/uploads\/2020\/09\/IMG-20200914-WA0127.jpg 1280w\" sizes=\"auto, (max-width: 1024px) 100vw, 1024px\" \/><figcaption>Fotos: PRF\/Divulga\u00e7\u00e3o<\/figcaption><\/figure>\n","protected":false},"excerpt":{"rendered":"<p>O ve\u00edculo utilizado para transportar estudantes foi apreendido neste domingo (13), na BR 423, em Garanhuns, no Agreste de Pernambuco.&hellip;<\/p>\n","protected":false},"author":1,"featured_media":61407,"comment_status":"open","ping_status":"open","sticky":false,"template":"","format":"standard","meta":{"footnotes":""},"categories":[14121],"tags":[2,19532,19550],"class_list":["post-61406","post","type-post","status-publish","format-standard","has-post-thumbnail","hentry","category-policial","tag-blog-do-edvaldo-magalhaes","tag-blog-mais-acessado-e-visualizado-de-caruaru-e-regiao","tag-onibus-escolar-e-apreendido-por-transporte-irregular-de-passageiros-na-br-423-em-pernambuco"],"_links":{"self":[{"href":"https:\/\/blogdoedvaldomagalhaes.com.br\/index.php\/wp-json\/wp\/v2\/posts\/61406","targetHints":{"allow":["GET"]}}],"collection":[{"href":"https:\/\/blogdoedvaldomagalhaes.com.br\/index.php\/wp-json\/wp\/v2\/posts"}],"about":[{"href":"https:\/\/blogdoedvaldomagalhaes.com.br\/index.php\/wp-json\/wp\/v2\/types\/post"}],"author":[{"embeddable":true,"href":"https:\/\/blogdoedvaldomagalhaes.com.br\/index.php\/wp-json\/wp\/v2\/users\/1"}],"replies":[{"embeddable":true,"href":"https:\/\/blogdoedvaldomagalhaes.com.br\/index.php\/wp-json\/wp\/v2\/comments?post=61406"}],"version-history":[{"count":1,"href":"https:\/\/blogdoedvaldomagalhaes.com.br\/index.php\/wp-json\/wp\/v2\/posts\/61406\/revisions"}],"predecessor-version":[{"id":61409,"href":"https:\/\/blogdoedvaldomagalhaes.com.br\/index.php\/wp-json\/wp\/v2\/posts\/61406\/revisions\/61409"}],"wp:featuredmedia":[{"embeddable":true,"href":"https:\/\/blogdoedvaldomagalhaes.com.br\/index.php\/wp-json\/wp\/v2\/media\/61407"}],"wp:attachment":[{"href":"https:\/\/blogdoedvaldomagalhaes.com.br\/index.php\/wp-json\/wp\/v2\/media?parent=61406"}],"wp:term":[{"taxonomy":"category","embeddable":true,"href":"https:\/\/blogdoedvaldomagalhaes.com.br\/index.php\/wp-json\/wp\/v2\/categories?post=61406"},{"taxonomy":"post_tag","embeddable":true,"href":"https:\/\/blogdoedvaldomagalhaes.com.br\/index.php\/wp-json\/wp\/v2\/tags?post=61406"}],"curies":[{"name":"wp","href":"https:\/\/api.w.org\/{rel}","templated":true}]}}