{"id":61402,"date":"2020-09-14T08:55:42","date_gmt":"2020-09-14T11:55:42","guid":{"rendered":"https:\/\/blogdoedvaldomagalhaes.com.br\/?p=61402"},"modified":"2020-09-14T08:55:43","modified_gmt":"2020-09-14T11:55:43","slug":"valor-da-cesta-basica-de-agosto-tem-aumento-em-caruaru","status":"publish","type":"post","link":"https:\/\/blogdoedvaldomagalhaes.com.br\/index.php\/2020\/09\/14\/valor-da-cesta-basica-de-agosto-tem-aumento-em-caruaru\/","title":{"rendered":"Valor da cesta b\u00e1sica de agosto tem aumento em Caruaru"},"content":{"rendered":"<p style=\"text-align: justify;\"><span style=\"font-size: inherit;\">Ap\u00f3s a pausa \u2013 desde mar\u00e7o \u2013 devido \u00e0 pandemia, mais uma pesquisa sobre o valor da cesta b\u00e1sica, realizada pelos cursos de Ci\u00eancias Cont\u00e1beis e de Gest\u00e3o Financeira do Centro Universit\u00e1rio UniFavip, coordenada pela professora Eliane Alves, foi divulgada em Caruaru, no Agreste de Pernambuco. Segundo os dados levantados, houve um aumento de 3,45% no m\u00eas de agosto de 2020. De acordo com a pesquisa, no oitavo m\u00eas deste ano, o valor da alimenta\u00e7\u00e3o b\u00e1sica caruaruense passou de R$ 339,89 para R$ 351,62.\u00a0<\/span><\/p>\n<p style=\"text-align: justify;\">Foi constatado, segundo a professora Eliane Alves, que os maiores vil\u00f5es que contribu\u00edram para o aumento do valor final da cesta foram o \u00f3leo, com um acr\u00e9scimo de 16,27%, e o arroz, que ficou 10,74% mais caro. Al\u00e9m desses, outros itens tamb\u00e9m registram uma alta consider\u00e1vel como a banana (13,64%), o leite (8,86%) e o tomate (5,17).<\/p>\n<p>Se compararmos Caruaru e Recife, a alimenta\u00e7\u00e3o b\u00e1sica da Capital do Agreste continua apresentando um valor inferior, com uma diferen\u00e7a de R$ 87,57. Na capital pernambucana, a cesta b\u00e1sica est\u00e1 custando R$ 439,19.<\/p>\n<p>Baseado na metodologia do Departamento Intersindical de Estat\u00edstica e Estudos Socioecon\u00f4micos (DIEESE), a pesquisa levantou tamb\u00e9m as horas trabalhadas para a obten\u00e7\u00e3o da cesta b\u00e1sica, al\u00e9m de qual seria o sal\u00e1rio m\u00ednimo ideal para os caruaruenses diante deste panorama. Uma fami\u0301lia de Caruaru deveria, enta\u0303o, receber, um sala\u0301rio mi\u0301nimo em agosto de 2020, de R$ 2.953,94 para a aquisic\u0327a\u0303o dos ge\u0302neros alimenti\u0301cios ba\u0301sicos que garantem a sobreviv\u00eancia digna de um grupo familiar. Em rela\u00e7\u00e3o as horas trabalhadas, ao considerarmos que a jornada oficial de trabalho e\u0301 de 220 horas mensais, segundo o Minist\u00e9rio do Trabalho, o trabalhador de Caruaru em agosto utilizou 36,87% (81h 09min) de todo o seu tempo de trabalho s\u00f3\u0301 com as despesas de alimenta\u00e7\u00e3o.<\/p>\n","protected":false},"excerpt":{"rendered":"<p>Ap\u00f3s a pausa \u2013 desde mar\u00e7o \u2013 devido \u00e0 pandemia, mais uma pesquisa sobre o valor da cesta b\u00e1sica, realizada&hellip;<\/p>\n","protected":false},"author":1,"featured_media":61403,"comment_status":"open","ping_status":"open","sticky":false,"template":"","format":"standard","meta":{"footnotes":""},"categories":[14120],"tags":[2,19532,1520,19549],"class_list":["post-61402","post","type-post","status-publish","format-standard","has-post-thumbnail","hentry","category-noticias","tag-blog-do-edvaldo-magalhaes","tag-blog-mais-acessado-e-visualizado-de-caruaru-e-regiao","tag-unifavip","tag-valor-da-cesta-basica-de-agosto-tem-aumento-em-caruaru"],"_links":{"self":[{"href":"https:\/\/blogdoedvaldomagalhaes.com.br\/index.php\/wp-json\/wp\/v2\/posts\/61402","targetHints":{"allow":["GET"]}}],"collection":[{"href":"https:\/\/blogdoedvaldomagalhaes.com.br\/index.php\/wp-json\/wp\/v2\/posts"}],"about":[{"href":"https:\/\/blogdoedvaldomagalhaes.com.br\/index.php\/wp-json\/wp\/v2\/types\/post"}],"author":[{"embeddable":true,"href":"https:\/\/blogdoedvaldomagalhaes.com.br\/index.php\/wp-json\/wp\/v2\/users\/1"}],"replies":[{"embeddable":true,"href":"https:\/\/blogdoedvaldomagalhaes.com.br\/index.php\/wp-json\/wp\/v2\/comments?post=61402"}],"version-history":[{"count":1,"href":"https:\/\/blogdoedvaldomagalhaes.com.br\/index.php\/wp-json\/wp\/v2\/posts\/61402\/revisions"}],"predecessor-version":[{"id":61404,"href":"https:\/\/blogdoedvaldomagalhaes.com.br\/index.php\/wp-json\/wp\/v2\/posts\/61402\/revisions\/61404"}],"wp:featuredmedia":[{"embeddable":true,"href":"https:\/\/blogdoedvaldomagalhaes.com.br\/index.php\/wp-json\/wp\/v2\/media\/61403"}],"wp:attachment":[{"href":"https:\/\/blogdoedvaldomagalhaes.com.br\/index.php\/wp-json\/wp\/v2\/media?parent=61402"}],"wp:term":[{"taxonomy":"category","embeddable":true,"href":"https:\/\/blogdoedvaldomagalhaes.com.br\/index.php\/wp-json\/wp\/v2\/categories?post=61402"},{"taxonomy":"post_tag","embeddable":true,"href":"https:\/\/blogdoedvaldomagalhaes.com.br\/index.php\/wp-json\/wp\/v2\/tags?post=61402"}],"curies":[{"name":"wp","href":"https:\/\/api.w.org\/{rel}","templated":true}]}}