{"id":614,"date":"2018-11-25T22:56:00","date_gmt":"2018-11-26T00:56:00","guid":{"rendered":"http:\/\/blogdoedvaldomagalhaes.com.br\/index.php\/2018\/11\/25\/comerciante-de-caruaru-morre-atropelado\/"},"modified":"2019-02-09T02:42:54","modified_gmt":"2019-02-09T04:42:54","slug":"comerciante-de-caruaru-morre-atropelado","status":"publish","type":"post","link":"https:\/\/blogdoedvaldomagalhaes.com.br\/index.php\/2018\/11\/25\/comerciante-de-caruaru-morre-atropelado\/","title":{"rendered":"Comerciante de Caruaru morre atropelado na  BR-104 em Agrestina"},"content":{"rendered":"<div class=\"separator\" style=\"clear: both; text-align: center;\">\n<a href=\"https:\/\/3.bp.blogspot.com\/-X57kXq9u68U\/W_sn6cYzjhI\/AAAAAAAA-WE\/IdpBmf1wBY4By39OkBVG16iL7n00raawQCLcBGAs\/s1600\/carro%2B1.jpg\" imageanchor=\"1\" style=\"margin-left: 1em; margin-right: 1em;\"><img loading=\"lazy\" decoding=\"async\" border=\"0\" data-original-height=\"340\" data-original-width=\"622\" height=\"348\" src=\"http:\/\/blogdoedvaldomagalhaes.com.br\/wp-content\/uploads\/2018\/11\/carro1.jpg\" width=\"640\" \/><\/a><\/div>\n<div class=\"separator\" style=\"clear: both; text-align: center;\">\n<\/div>\n<div class=\"separator\" style=\"clear: both; text-align: center;\">\n<a href=\"https:\/\/2.bp.blogspot.com\/-FLUGDSSzbo0\/W_soC0kbStI\/AAAAAAAA-WI\/Nlq-k2xm8LAMC0xC2vayd359UZrRyx1DgCLcBGAs\/s1600\/carro.jpg\" imageanchor=\"1\" style=\"margin-left: 1em; margin-right: 1em;\"><img loading=\"lazy\" decoding=\"async\" border=\"0\" data-original-height=\"466\" data-original-width=\"960\" height=\"310\" src=\"http:\/\/blogdoedvaldomagalhaes.com.br\/wp-content\/uploads\/2018\/11\/carro-3.jpg\" width=\"640\" \/><\/a><\/div>\n<div style=\"text-align: justify;\">\n<\/div>\n<div style=\"text-align: justify;\">\nUm homem morreu atropelado na noite desde s\u00e1bado na BR-104, em frente ao Posto Araguaia, em Agrestina. A v\u00edtima foi o comerciante Jos\u00e9 Leit\u00e3o, conhecido por Mulungu, de 49 anos, que tinha uma barraca na feira do troca de Caruaru. Ele foi atropelado por um ve\u00edculo Polo de cor prata, quando tentava atravessar a rodovia. O motorista permaneceu no local at\u00e9 a chegada da Pol\u00edcia Rodovi\u00e1ria Federal (PRF).&nbsp;O corpo da v\u00edtima foi encaminhado para o IML de Caruaru.<\/div>\n<div style=\"text-align: justify;\">\n<\/div>\n<div class=\"separator\" style=\"clear: both; text-align: center;\">\n<a href=\"https:\/\/1.bp.blogspot.com\/-Pb57oXHv2a8\/W_socNOlaOI\/AAAAAAAA-WU\/cPq9xiNkct8Hd4m2DXqVl7X8760yHXY7ACLcBGAs\/s1600\/carro%2B3.jpg\" imageanchor=\"1\" style=\"margin-left: 1em; margin-right: 1em;\"><img loading=\"lazy\" decoding=\"async\" border=\"0\" data-original-height=\"270\" data-original-width=\"305\" height=\"566\" src=\"http:\/\/blogdoedvaldomagalhaes.com.br\/wp-content\/uploads\/2018\/11\/carro3.jpg\" width=\"640\" \/><\/a><\/div>\n<div style=\"text-align: justify;\">\n<\/div>\n<div style=\"text-align: justify;\">\nFonte: Na Mira da Not\u00edcia.<\/div>\n","protected":false},"excerpt":{"rendered":"<p>Um homem morreu atropelado na noite desde s\u00e1bado na BR-104, em frente ao Posto Araguaia, em Agrestina. A v\u00edtima foi&hellip;<\/p>\n","protected":false},"author":1,"featured_media":0,"comment_status":"open","ping_status":"open","sticky":false,"template":"","format":"standard","meta":{"footnotes":""},"categories":[1],"tags":[2,541,6],"class_list":["post-614","post","type-post","status-publish","format-standard","hentry","category-sem-categoria","tag-blog-do-edvaldo-magalhaes","tag-comerciante-de-caruaru-morre-atropelado-na-br-104-em-agrestina","tag-noticias"],"_links":{"self":[{"href":"https:\/\/blogdoedvaldomagalhaes.com.br\/index.php\/wp-json\/wp\/v2\/posts\/614","targetHints":{"allow":["GET"]}}],"collection":[{"href":"https:\/\/blogdoedvaldomagalhaes.com.br\/index.php\/wp-json\/wp\/v2\/posts"}],"about":[{"href":"https:\/\/blogdoedvaldomagalhaes.com.br\/index.php\/wp-json\/wp\/v2\/types\/post"}],"author":[{"embeddable":true,"href":"https:\/\/blogdoedvaldomagalhaes.com.br\/index.php\/wp-json\/wp\/v2\/users\/1"}],"replies":[{"embeddable":true,"href":"https:\/\/blogdoedvaldomagalhaes.com.br\/index.php\/wp-json\/wp\/v2\/comments?post=614"}],"version-history":[{"count":1,"href":"https:\/\/blogdoedvaldomagalhaes.com.br\/index.php\/wp-json\/wp\/v2\/posts\/614\/revisions"}],"predecessor-version":[{"id":36170,"href":"https:\/\/blogdoedvaldomagalhaes.com.br\/index.php\/wp-json\/wp\/v2\/posts\/614\/revisions\/36170"}],"wp:attachment":[{"href":"https:\/\/blogdoedvaldomagalhaes.com.br\/index.php\/wp-json\/wp\/v2\/media?parent=614"}],"wp:term":[{"taxonomy":"category","embeddable":true,"href":"https:\/\/blogdoedvaldomagalhaes.com.br\/index.php\/wp-json\/wp\/v2\/categories?post=614"},{"taxonomy":"post_tag","embeddable":true,"href":"https:\/\/blogdoedvaldomagalhaes.com.br\/index.php\/wp-json\/wp\/v2\/tags?post=614"}],"curies":[{"name":"wp","href":"https:\/\/api.w.org\/{rel}","templated":true}]}}