{"id":6135,"date":"2017-04-27T21:22:00","date_gmt":"2017-04-28T00:22:00","guid":{"rendered":"http:\/\/blogdoedvaldomagalhaes.com.br\/index.php\/2017\/04\/27\/abertas-inscricoes-para-semana-naciona\/"},"modified":"2019-02-09T01:24:48","modified_gmt":"2019-02-09T03:24:48","slug":"abertas-inscricoes-para-semana-naciona","status":"publish","type":"post","link":"https:\/\/blogdoedvaldomagalhaes.com.br\/index.php\/2017\/04\/27\/abertas-inscricoes-para-semana-naciona\/","title":{"rendered":"Abertas inscri\u00e7\u00f5es para a Semana Nacional de Controle de Infec\u00e7\u00e3o Hospitalar em Caruaru"},"content":{"rendered":"<div class=\"separator\" style=\"clear: both; text-align: center;\">\n<a href=\"https:\/\/4.bp.blogspot.com\/-RnpGG6VYdmM\/WQJgo7v6HoI\/AAAAAAAAUKs\/F_UaqaQ1HsYaIrgUIG-MsWfjKVwjYxwogCLcB\/s1600\/semana.jpg\" imageanchor=\"1\" style=\"margin-left: 1em; margin-right: 1em;\"><img loading=\"lazy\" decoding=\"async\" border=\"0\" height=\"300\" src=\"http:\/\/blogdoedvaldomagalhaes.com.br\/wp-content\/uploads\/2017\/04\/semana-1.jpg\" width=\"400\" \/><\/a><\/div>\n<div style=\"background-color: white; text-align: justify;\">\n<\/div>\n<div style=\"background-color: white; text-align: justify;\">\nA CCIH Comiss\u00e3o de Controle de Infec\u00e7\u00e3o Hospitalar do Hospital Regional do Agreste, promove de 02 a 05 de maio, a Semana Nacional de Controle a Infec\u00e7\u00e3o Hospitalar, com eventos diversos para os profissionais e estudantes da \u00e1rea da sa\u00fade, sendo o maior evento da \u00e1rea no interior de PE, organizado pela Enfermeira da CCIH e Coordenadora de Pele e Les\u00f5es, Mychelly Paes Barreto.<\/div>\n<div style=\"background-color: white; text-align: justify;\">\n<\/div>\n<div style=\"background-color: white; direction: ltr; text-align: justify;\">\nO HRA refer\u00eancia no interior de Pernambuco pela complexidade de patologias que s\u00e3o admitidas, capacitando sempre seus profissionais e estudantes.<\/div>\n<div style=\"background-color: white; direction: ltr; text-align: justify;\">\n<\/div>\n<div style=\"background-color: white; direction: ltr; text-align: justify;\">\nEssa data \u00e9 marcada com eventos gerais em todas as unidades de sa\u00fade do Brasil.<\/div>\n<div style=\"background-color: white; direction: ltr; text-align: justify;\">\n<\/div>\n<div class=\"separator\" style=\"clear: both; text-align: center;\">\n<a href=\"https:\/\/2.bp.blogspot.com\/-UCnhner3Wbw\/WQJgvSa1bKI\/AAAAAAAAUKw\/De6HzGOc3ccV69DhriiDo7k2fp3v-tcTACLcB\/s1600\/semana%2B1.jpg\" imageanchor=\"1\" style=\"margin-left: 1em; margin-right: 1em;\"><img loading=\"lazy\" decoding=\"async\" border=\"0\" height=\"400\" src=\"http:\/\/blogdoedvaldomagalhaes.com.br\/wp-content\/uploads\/2017\/04\/semana1.jpg\" width=\"393\" \/><\/a><\/div>\n<div class=\"separator\" style=\"clear: both; text-align: center;\">\n<\/div>\n<div class=\"separator\" style=\"clear: both; text-align: center;\">\n<a href=\"http:\/\/blogdoedvaldomagalhaes.com.br\/wp-content\/uploads\/2017\/04\/5-Saga-27.jpg\" imageanchor=\"1\" style=\"clear: left; float: left; margin-bottom: 1em; margin-right: 1em;\"><img decoding=\"async\" border=\"0\" src=\"http:\/\/blogdoedvaldomagalhaes.com.br\/wp-content\/uploads\/2017\/04\/5-Saga-27.jpg\" \/><\/a><\/div>\n<div style=\"background-color: white; direction: ltr; text-align: justify;\">\n<\/div>\n","protected":false},"excerpt":{"rendered":"<p>A CCIH Comiss\u00e3o de Controle de Infec\u00e7\u00e3o Hospitalar do Hospital Regional do Agreste, promove de 02 a 05 de maio,&hellip;<\/p>\n","protected":false},"author":1,"featured_media":0,"comment_status":"open","ping_status":"open","sticky":false,"template":"","format":"standard","meta":{"footnotes":""},"categories":[1],"tags":[8240,2,8241,6],"class_list":["post-6135","post","type-post","status-publish","format-standard","hentry","category-sem-categoria","tag-abertas-inscricoes-para-a-semana-nacional-de-controle-de-infeccao-hospitalar-em-caruaru","tag-blog-do-edvaldo-magalhaes","tag-mychelly-paes-barreto","tag-noticias"],"_links":{"self":[{"href":"https:\/\/blogdoedvaldomagalhaes.com.br\/index.php\/wp-json\/wp\/v2\/posts\/6135","targetHints":{"allow":["GET"]}}],"collection":[{"href":"https:\/\/blogdoedvaldomagalhaes.com.br\/index.php\/wp-json\/wp\/v2\/posts"}],"about":[{"href":"https:\/\/blogdoedvaldomagalhaes.com.br\/index.php\/wp-json\/wp\/v2\/types\/post"}],"author":[{"embeddable":true,"href":"https:\/\/blogdoedvaldomagalhaes.com.br\/index.php\/wp-json\/wp\/v2\/users\/1"}],"replies":[{"embeddable":true,"href":"https:\/\/blogdoedvaldomagalhaes.com.br\/index.php\/wp-json\/wp\/v2\/comments?post=6135"}],"version-history":[{"count":1,"href":"https:\/\/blogdoedvaldomagalhaes.com.br\/index.php\/wp-json\/wp\/v2\/posts\/6135\/revisions"}],"predecessor-version":[{"id":19127,"href":"https:\/\/blogdoedvaldomagalhaes.com.br\/index.php\/wp-json\/wp\/v2\/posts\/6135\/revisions\/19127"}],"wp:attachment":[{"href":"https:\/\/blogdoedvaldomagalhaes.com.br\/index.php\/wp-json\/wp\/v2\/media?parent=6135"}],"wp:term":[{"taxonomy":"category","embeddable":true,"href":"https:\/\/blogdoedvaldomagalhaes.com.br\/index.php\/wp-json\/wp\/v2\/categories?post=6135"},{"taxonomy":"post_tag","embeddable":true,"href":"https:\/\/blogdoedvaldomagalhaes.com.br\/index.php\/wp-json\/wp\/v2\/tags?post=6135"}],"curies":[{"name":"wp","href":"https:\/\/api.w.org\/{rel}","templated":true}]}}