{"id":6134,"date":"2017-04-28T10:09:00","date_gmt":"2017-04-28T13:09:00","guid":{"rendered":"http:\/\/blogdoedvaldomagalhaes.com.br\/index.php\/2017\/04\/28\/eleito-por-aclamacao-presidente-do\/"},"modified":"2019-02-09T01:24:48","modified_gmt":"2019-02-09T03:24:48","slug":"eleito-por-aclamacao-presidente-do","status":"publish","type":"post","link":"https:\/\/blogdoedvaldomagalhaes.com.br\/index.php\/2017\/04\/28\/eleito-por-aclamacao-presidente-do\/","title":{"rendered":"Eleito por aclama\u00e7\u00e3o presidente do Conselho Municipal de Sa\u00fade"},"content":{"rendered":"<div class=\"MsoNormal\" style=\"line-height: normal; margin-bottom: 0cm; text-align: justify;\">\n<div class=\"separator\" style=\"clear: both; text-align: center;\">\n<a href=\"https:\/\/2.bp.blogspot.com\/-tdVZ_Joujpo\/WQMbBFnIKhI\/AAAAAAAAULw\/Rv_UQ5InyAYtICF7VR6ue2KL67sGXg1NQCLcB\/s1600\/IMG-20170427-WA0269.jpg\" imageanchor=\"1\" style=\"margin-left: 1em; margin-right: 1em;\"><img loading=\"lazy\" decoding=\"async\" border=\"0\" height=\"300\" src=\"http:\/\/blogdoedvaldomagalhaes.com.br\/wp-content\/uploads\/2017\/04\/IMG-20170427-WA0269.jpg\" width=\"400\" \/><\/a><\/div>\n<p>\nNessa quinta-feira (27) aconteceu a elei\u00e7\u00e3o da nova diretoria do Conselho Municipal de Sa\u00fade, no audit\u00f3rio da Secretaria de Sa\u00fade de Caruaru, e&nbsp;Rom\u00e1rio dos Santos foi reeleito presidente por aclama\u00e7\u00e3o, j\u00e1 que o representante dos Agentes de Sa\u00fade e Endemias, Douglas Silva, retirou a candidatura momentos antes da elei\u00e7\u00e3o.<\/div>\n<div class=\"MsoNormal\" style=\"line-height: normal; margin-bottom: 0cm; text-align: justify;\">\n<\/div>\n<div class=\"MsoNormal\" style=\"margin-bottom: 0cm; text-align: justify;\">\nO&nbsp;Conselho&nbsp;Municipal&nbsp;de&nbsp;Sa\u00fade&nbsp;\u00e9 respons\u00e1vel pela efetiva\u00e7\u00e3o&nbsp;do&nbsp;controle social para a participa\u00e7\u00e3o da sociedade na pol\u00edtica social&nbsp;de&nbsp;sa\u00fade. \u00c9 um meio formal, criado legalmente e institu\u00eddo pela Lei Org\u00e2nica&nbsp;do&nbsp;Munic\u00edpio, nos termos&nbsp;de&nbsp;seu artigo 133 e pela Lei&nbsp;Municipal&nbsp;de&nbsp;n\u00ba 5.220,&nbsp;de&nbsp;11&nbsp;de&nbsp;junho&nbsp;de&nbsp;2012, observadas as disposi\u00e7\u00f5es da Lei Federal n\u00ba 8.142\/1990 e da resolu\u00e7\u00e3o&nbsp;do&nbsp;CNS n\u00ba 333\/2003, para dar voz \u00e0 popula\u00e7\u00e3o na intera\u00e7\u00e3o com a gest\u00e3o da sa\u00fade.<\/div>\n<div class=\"MsoNormal\" style=\"margin-bottom: 0cm; text-align: justify;\">\n<\/div>\n<div class=\"MsoNormal\" style=\"line-height: normal; margin-bottom: 0cm; text-align: justify;\">\nAs entidades que representam os usu\u00e1rios e que comp\u00f5e o Conselho Municipal a partir de agora s\u00e3o: Icia, Acacce, Associa\u00e7\u00e3o dos bairro Jos\u00e9 Ant\u00f4nio Liberato, Associa\u00e7\u00e3o do bairro Rendeiras, Associa\u00e7\u00e3o do Loteamento Encanto da Serra, Associa\u00e7\u00e3o dos Moradores e Pequenos Produtores de Serra Velha, Rotary, Apodec, Sindicato dos Trabalhadores, Pastoral da Crian\u00e7a, Uni\u00e3o Beneficente, Funda\u00e7\u00e3o Santu\u00e1rio das Comunidades.<\/div>\n<div class=\"MsoNormal\" style=\"line-height: normal; margin-bottom: 0cm; text-align: justify;\">\n<\/div>\n<div class=\"MsoNormal\" style=\"text-align: justify;\">\n<\/div>\n<div class=\"MsoNormal\" style=\"line-height: normal; margin-bottom: 0cm; text-align: justify;\">\nE tamb\u00e9m foram eleitas seis entidades que representam os trabalhadores, que s\u00e3o: Sociedade de Medicina, Sindicato dos Enfermeiros, Sindicato dos Agentes Comunit\u00e1rios e de Endemias, Sindicato dos Auxiliares e T\u00e9cnicos de Enfermagem, Conselho de Fonoaudiologia e Conselho de Psicologia.&nbsp;<\/p>\n<p><\/p>\n<div class=\"separator\" style=\"clear: both; text-align: center;\">\n<a href=\"http:\/\/blogdoedvaldomagalhaes.com.br\/wp-content\/uploads\/2017\/04\/6-STR-25.jpg\" imageanchor=\"1\" style=\"clear: left; float: left; margin-bottom: 1em; margin-right: 1em;\"><img decoding=\"async\" border=\"0\" src=\"http:\/\/blogdoedvaldomagalhaes.com.br\/wp-content\/uploads\/2017\/04\/6-STR-25.jpg\" \/><\/a><\/div>\n<p><\/div>\n","protected":false},"excerpt":{"rendered":"<p>Nessa quinta-feira (27) aconteceu a elei\u00e7\u00e3o da nova diretoria do Conselho Municipal de Sa\u00fade, no audit\u00f3rio da Secretaria de Sa\u00fade&hellip;<\/p>\n","protected":false},"author":1,"featured_media":0,"comment_status":"open","ping_status":"open","sticky":false,"template":"","format":"standard","meta":{"footnotes":""},"categories":[1],"tags":[2,8239,6],"class_list":["post-6134","post","type-post","status-publish","format-standard","hentry","category-sem-categoria","tag-blog-do-edvaldo-magalhaes","tag-eleito-por-aclamacao-presidente-do-conselho-municipal-de-saude","tag-noticias"],"_links":{"self":[{"href":"https:\/\/blogdoedvaldomagalhaes.com.br\/index.php\/wp-json\/wp\/v2\/posts\/6134","targetHints":{"allow":["GET"]}}],"collection":[{"href":"https:\/\/blogdoedvaldomagalhaes.com.br\/index.php\/wp-json\/wp\/v2\/posts"}],"about":[{"href":"https:\/\/blogdoedvaldomagalhaes.com.br\/index.php\/wp-json\/wp\/v2\/types\/post"}],"author":[{"embeddable":true,"href":"https:\/\/blogdoedvaldomagalhaes.com.br\/index.php\/wp-json\/wp\/v2\/users\/1"}],"replies":[{"embeddable":true,"href":"https:\/\/blogdoedvaldomagalhaes.com.br\/index.php\/wp-json\/wp\/v2\/comments?post=6134"}],"version-history":[{"count":1,"href":"https:\/\/blogdoedvaldomagalhaes.com.br\/index.php\/wp-json\/wp\/v2\/posts\/6134\/revisions"}],"predecessor-version":[{"id":19130,"href":"https:\/\/blogdoedvaldomagalhaes.com.br\/index.php\/wp-json\/wp\/v2\/posts\/6134\/revisions\/19130"}],"wp:attachment":[{"href":"https:\/\/blogdoedvaldomagalhaes.com.br\/index.php\/wp-json\/wp\/v2\/media?parent=6134"}],"wp:term":[{"taxonomy":"category","embeddable":true,"href":"https:\/\/blogdoedvaldomagalhaes.com.br\/index.php\/wp-json\/wp\/v2\/categories?post=6134"},{"taxonomy":"post_tag","embeddable":true,"href":"https:\/\/blogdoedvaldomagalhaes.com.br\/index.php\/wp-json\/wp\/v2\/tags?post=6134"}],"curies":[{"name":"wp","href":"https:\/\/api.w.org\/{rel}","templated":true}]}}