{"id":61337,"date":"2020-09-12T19:03:12","date_gmt":"2020-09-12T22:03:12","guid":{"rendered":"https:\/\/blogdoedvaldomagalhaes.com.br\/?p=61337"},"modified":"2020-09-12T19:03:17","modified_gmt":"2020-09-12T22:03:17","slug":"caruaru-registra-mais-22-recuperados-6-casos-positivos-e-duas-mortes-por-covid-19","status":"publish","type":"post","link":"https:\/\/blogdoedvaldomagalhaes.com.br\/index.php\/2020\/09\/12\/caruaru-registra-mais-22-recuperados-6-casos-positivos-e-duas-mortes-por-covid-19\/","title":{"rendered":"Caruaru registra mais 22 recuperados, 6 casos positivos e duas mortes por Covid-19"},"content":{"rendered":"<p style=\"text-align: justify;\"><span style=\"font-size: inherit;\">A Secretaria de Sa\u00fade de Caruaru informa que at\u00e9 este s\u00e1bado (12) 94,29% dos pacientes j\u00e1 se recuperaram do novo coronav\u00edrus.<\/span><\/p>\n<p style=\"text-align: justify;\">O n\u00famero de testes realizados subiu para 21.290 dos quais 7.577 foram atrav\u00e9s do teste molecular e 13.713 do teste r\u00e1pido, com 7.732 confirma\u00e7\u00f5es para \u00e0 Covid-19, incluindo dois \u00f3bitos no per\u00edodo de 6 a 8 de setembro, sendo eles, Mulher, 78 anos, com comorbidades e uma mulher, 55 anos, com comorbidades.<\/p>\n<p style=\"text-align: justify;\">O n\u00famero de casos descartados subiu para 13.011.<\/p>\n<p style=\"text-align: justify;\">Tamb\u00e9m j\u00e1 foram registrados 30.026 casos de s\u00edndrome gripal, dos quais 1.215 foram orientados a ficar em isolamento domiciliar.<\/p>\n\n\n<figure class=\"wp-block-image size-large\"><img loading=\"lazy\" decoding=\"async\" width=\"1024\" height=\"1024\" src=\"https:\/\/blogdoedvaldomagalhaes.com.br\/wp-content\/uploads\/2020\/09\/IMG-20200912-WA0207-1024x1024.jpg\" alt=\"\" class=\"wp-image-61338\" srcset=\"https:\/\/blogdoedvaldomagalhaes.com.br\/wp-content\/uploads\/2020\/09\/IMG-20200912-WA0207-1024x1024.jpg 1024w, https:\/\/blogdoedvaldomagalhaes.com.br\/wp-content\/uploads\/2020\/09\/IMG-20200912-WA0207-300x300.jpg 300w, https:\/\/blogdoedvaldomagalhaes.com.br\/wp-content\/uploads\/2020\/09\/IMG-20200912-WA0207-150x150.jpg 150w, https:\/\/blogdoedvaldomagalhaes.com.br\/wp-content\/uploads\/2020\/09\/IMG-20200912-WA0207-768x768.jpg 768w, https:\/\/blogdoedvaldomagalhaes.com.br\/wp-content\/uploads\/2020\/09\/IMG-20200912-WA0207.jpg 1280w\" sizes=\"auto, (max-width: 1024px) 100vw, 1024px\" \/><\/figure>\n","protected":false},"excerpt":{"rendered":"<p>A Secretaria de Sa\u00fade de Caruaru informa que at\u00e9 este s\u00e1bado (12) 94,29% dos pacientes j\u00e1 se recuperaram do novo&hellip;<\/p>\n","protected":false},"author":1,"featured_media":61339,"comment_status":"open","ping_status":"open","sticky":false,"template":"","format":"standard","meta":{"footnotes":""},"categories":[14120],"tags":[19535,2,19532,19534,17948,6],"class_list":["post-61337","post","type-post","status-publish","format-standard","has-post-thumbnail","hentry","category-noticias","tag-6-casos-positivos-e-duas-mortes-por-covid-19","tag-blog-do-edvaldo-magalhaes","tag-blog-mais-acessado-e-visualizado-de-caruaru-e-regiao","tag-caruaru-registra-mais-22-recuperados","tag-coronavirus-2","tag-noticias"],"_links":{"self":[{"href":"https:\/\/blogdoedvaldomagalhaes.com.br\/index.php\/wp-json\/wp\/v2\/posts\/61337","targetHints":{"allow":["GET"]}}],"collection":[{"href":"https:\/\/blogdoedvaldomagalhaes.com.br\/index.php\/wp-json\/wp\/v2\/posts"}],"about":[{"href":"https:\/\/blogdoedvaldomagalhaes.com.br\/index.php\/wp-json\/wp\/v2\/types\/post"}],"author":[{"embeddable":true,"href":"https:\/\/blogdoedvaldomagalhaes.com.br\/index.php\/wp-json\/wp\/v2\/users\/1"}],"replies":[{"embeddable":true,"href":"https:\/\/blogdoedvaldomagalhaes.com.br\/index.php\/wp-json\/wp\/v2\/comments?post=61337"}],"version-history":[{"count":1,"href":"https:\/\/blogdoedvaldomagalhaes.com.br\/index.php\/wp-json\/wp\/v2\/posts\/61337\/revisions"}],"predecessor-version":[{"id":61340,"href":"https:\/\/blogdoedvaldomagalhaes.com.br\/index.php\/wp-json\/wp\/v2\/posts\/61337\/revisions\/61340"}],"wp:featuredmedia":[{"embeddable":true,"href":"https:\/\/blogdoedvaldomagalhaes.com.br\/index.php\/wp-json\/wp\/v2\/media\/61339"}],"wp:attachment":[{"href":"https:\/\/blogdoedvaldomagalhaes.com.br\/index.php\/wp-json\/wp\/v2\/media?parent=61337"}],"wp:term":[{"taxonomy":"category","embeddable":true,"href":"https:\/\/blogdoedvaldomagalhaes.com.br\/index.php\/wp-json\/wp\/v2\/categories?post=61337"},{"taxonomy":"post_tag","embeddable":true,"href":"https:\/\/blogdoedvaldomagalhaes.com.br\/index.php\/wp-json\/wp\/v2\/tags?post=61337"}],"curies":[{"name":"wp","href":"https:\/\/api.w.org\/{rel}","templated":true}]}}