{"id":61334,"date":"2020-09-12T18:44:43","date_gmt":"2020-09-12T21:44:43","guid":{"rendered":"https:\/\/blogdoedvaldomagalhaes.com.br\/?p=61334"},"modified":"2020-09-12T18:44:45","modified_gmt":"2020-09-12T21:44:45","slug":"pv-confirma-apoio-a-raffie-para-prefeito-durante-convencao","status":"publish","type":"post","link":"https:\/\/blogdoedvaldomagalhaes.com.br\/index.php\/2020\/09\/12\/pv-confirma-apoio-a-raffie-para-prefeito-durante-convencao\/","title":{"rendered":"PV confirma apoio a Raffi\u00ea para prefeito durante Conven\u00e7\u00e3o"},"content":{"rendered":"<p style=\"text-align: justify;\"><span style=\"font-size: inherit;\">Na tarde deste s\u00e1bado (12\/09), o diret\u00f3rio municipal do Partido Verde em Caruaru homologou os nomes que v\u00e3o disputar \u00e0s elei\u00e7\u00f5es 2020 pela legenda. A chapa proporcional do partido conta com mais de 20 pr\u00e9-candidatos a vereador.<\/span><\/p>\n<p style=\"text-align: justify;\">O partido tamb\u00e9m confirmou a forma\u00e7\u00e3o de coliga\u00e7\u00e3o majorit\u00e1ria com o PSD, que tem como pr\u00e9-candidato a prefeito Raffi\u00ea Dellon.<\/p>\n<p style=\"text-align: justify;\">O ato contou com a participa\u00e7\u00e3o via videoconfer\u00eancia do presidente municipal do diret\u00f3rio, Daruka Costa e foi comandada pelo tesoureiro do partido, M\u00e1rcio Sales.<\/p>\n","protected":false},"excerpt":{"rendered":"<p>Na tarde deste s\u00e1bado (12\/09), o diret\u00f3rio municipal do Partido Verde em Caruaru homologou os nomes que v\u00e3o disputar \u00e0s&hellip;<\/p>\n","protected":false},"author":1,"featured_media":61335,"comment_status":"open","ping_status":"open","sticky":false,"template":"","format":"standard","meta":{"footnotes":""},"categories":[14122],"tags":[2,19532,4432,20,19533,2491],"class_list":["post-61334","post","type-post","status-publish","format-standard","has-post-thumbnail","hentry","category-politica","tag-blog-do-edvaldo-magalhaes","tag-blog-mais-acessado-e-visualizado-de-caruaru-e-regiao","tag-partido-verde","tag-politica","tag-pv-confirma-apoio-a-raffie-para-prefeito-durante-convencao","tag-raffie-dellon"],"_links":{"self":[{"href":"https:\/\/blogdoedvaldomagalhaes.com.br\/index.php\/wp-json\/wp\/v2\/posts\/61334","targetHints":{"allow":["GET"]}}],"collection":[{"href":"https:\/\/blogdoedvaldomagalhaes.com.br\/index.php\/wp-json\/wp\/v2\/posts"}],"about":[{"href":"https:\/\/blogdoedvaldomagalhaes.com.br\/index.php\/wp-json\/wp\/v2\/types\/post"}],"author":[{"embeddable":true,"href":"https:\/\/blogdoedvaldomagalhaes.com.br\/index.php\/wp-json\/wp\/v2\/users\/1"}],"replies":[{"embeddable":true,"href":"https:\/\/blogdoedvaldomagalhaes.com.br\/index.php\/wp-json\/wp\/v2\/comments?post=61334"}],"version-history":[{"count":1,"href":"https:\/\/blogdoedvaldomagalhaes.com.br\/index.php\/wp-json\/wp\/v2\/posts\/61334\/revisions"}],"predecessor-version":[{"id":61336,"href":"https:\/\/blogdoedvaldomagalhaes.com.br\/index.php\/wp-json\/wp\/v2\/posts\/61334\/revisions\/61336"}],"wp:featuredmedia":[{"embeddable":true,"href":"https:\/\/blogdoedvaldomagalhaes.com.br\/index.php\/wp-json\/wp\/v2\/media\/61335"}],"wp:attachment":[{"href":"https:\/\/blogdoedvaldomagalhaes.com.br\/index.php\/wp-json\/wp\/v2\/media?parent=61334"}],"wp:term":[{"taxonomy":"category","embeddable":true,"href":"https:\/\/blogdoedvaldomagalhaes.com.br\/index.php\/wp-json\/wp\/v2\/categories?post=61334"},{"taxonomy":"post_tag","embeddable":true,"href":"https:\/\/blogdoedvaldomagalhaes.com.br\/index.php\/wp-json\/wp\/v2\/tags?post=61334"}],"curies":[{"name":"wp","href":"https:\/\/api.w.org\/{rel}","templated":true}]}}