{"id":6133,"date":"2017-04-28T10:19:00","date_gmt":"2017-04-28T13:19:00","guid":{"rendered":"http:\/\/blogdoedvaldomagalhaes.com.br\/index.php\/2017\/04\/28\/justica-volta-suspender-aumento-dos\/"},"modified":"2019-02-09T01:24:48","modified_gmt":"2019-02-09T03:24:48","slug":"justica-volta-suspender-aumento-dos","status":"publish","type":"post","link":"https:\/\/blogdoedvaldomagalhaes.com.br\/index.php\/2017\/04\/28\/justica-volta-suspender-aumento-dos\/","title":{"rendered":"Justi\u00e7a volta a suspender aumento dos vencimentos dos vereadores"},"content":{"rendered":"<div class=\"separator\" style=\"clear: both; text-align: center;\">\n<a href=\"https:\/\/2.bp.blogspot.com\/-tRYxFCIOmU4\/WQMWr9GnBdI\/AAAAAAAAULY\/6S66c5ZzTac9A_tI8p4gqi6o6McuxmojACLcB\/s1600\/camara.jpg\" imageanchor=\"1\" style=\"margin-left: 1em; margin-right: 1em;\"><img loading=\"lazy\" decoding=\"async\" border=\"0\" height=\"302\" src=\"http:\/\/blogdoedvaldomagalhaes.com.br\/wp-content\/uploads\/2017\/04\/camara-5.jpg\" width=\"400\" \/><\/a><\/div>\n<div style=\"background-color: white; border: 0px; margin-bottom: 1.5em; outline: 0px; padding: 0px; text-align: justify; vertical-align: baseline;\">\n<\/div>\n<div style=\"background-color: white; border: 0px; margin-bottom: 1.5em; outline: 0px; padding: 0px; text-align: justify; vertical-align: baseline;\">\nUm agravo de instrumento suspende o reajuste nos sal\u00e1rios dos vereadores de Caruaru, acatado em decis\u00e3o&nbsp;monocr\u00e1tica do Desembargador Jos\u00e9 Viana Ulisses Filho da 1\u00aa C\u00e2mara Regional de Caruaru, nessa quinta-feira-feira (27).&nbsp;A a\u00e7\u00e3o popular \u00e9 de Marcus Vin\u00edcius Leal Valen\u00e7a, em desfavor da C\u00e2mara Municipal. Ele alega que a Lei Municipal n\u00ba 5.629\/2016, que fixou o subs\u00eddio os vereadores em R$ 15 mil, sob o argumento de que o Decreto Legislativo n. 276\/2014, que aumentou os subs\u00eddios dos membros do Congresso Nacional, \u00e9 inconstitucional e ilegal.<\/div>\n<div style=\"background-color: white; border: 0px; margin-bottom: 1.5em; outline: 0px; padding: 0px; text-align: justify; vertical-align: baseline;\">\nA C\u00e2mara Municipal informa atrav\u00e9s de nota que ap\u00f3s a notifica\u00e7\u00e3o tomar\u00e1 as medidas cab\u00edveis necess\u00e1rias. O corpo jur\u00eddico da casa j\u00e1 est\u00e1 estudando as poss\u00edveis a\u00e7\u00f5es.<\/div>\n<div class=\"separator\" style=\"clear: both; text-align: center;\">\n<a href=\"http:\/\/blogdoedvaldomagalhaes.com.br\/wp-content\/uploads\/2017\/04\/7-SINTRACON-21.jpg\" imageanchor=\"1\" style=\"clear: left; float: left; margin-bottom: 1em; margin-right: 1em;\"><img decoding=\"async\" border=\"0\" src=\"http:\/\/blogdoedvaldomagalhaes.com.br\/wp-content\/uploads\/2017\/04\/7-SINTRACON-21.jpg\" \/><\/a><\/div>\n<div style=\"background-color: white; border: 0px; margin-bottom: 1.5em; outline: 0px; padding: 0px; text-align: justify; vertical-align: baseline;\">\n<\/div>\n","protected":false},"excerpt":{"rendered":"<p>Um agravo de instrumento suspende o reajuste nos sal\u00e1rios dos vereadores de Caruaru, acatado em decis\u00e3o&nbsp;monocr\u00e1tica do Desembargador Jos\u00e9 Viana&hellip;<\/p>\n","protected":false},"author":1,"featured_media":0,"comment_status":"open","ping_status":"open","sticky":false,"template":"","format":"standard","meta":{"footnotes":""},"categories":[1],"tags":[2,8237,8238,20],"class_list":["post-6133","post","type-post","status-publish","format-standard","hentry","category-sem-categoria","tag-blog-do-edvaldo-magalhaes","tag-jose-viana-ulisses-filho","tag-justica-volta-a-suspender-aumento-dos-vencimentos-dos-vereadores","tag-politica"],"_links":{"self":[{"href":"https:\/\/blogdoedvaldomagalhaes.com.br\/index.php\/wp-json\/wp\/v2\/posts\/6133","targetHints":{"allow":["GET"]}}],"collection":[{"href":"https:\/\/blogdoedvaldomagalhaes.com.br\/index.php\/wp-json\/wp\/v2\/posts"}],"about":[{"href":"https:\/\/blogdoedvaldomagalhaes.com.br\/index.php\/wp-json\/wp\/v2\/types\/post"}],"author":[{"embeddable":true,"href":"https:\/\/blogdoedvaldomagalhaes.com.br\/index.php\/wp-json\/wp\/v2\/users\/1"}],"replies":[{"embeddable":true,"href":"https:\/\/blogdoedvaldomagalhaes.com.br\/index.php\/wp-json\/wp\/v2\/comments?post=6133"}],"version-history":[{"count":1,"href":"https:\/\/blogdoedvaldomagalhaes.com.br\/index.php\/wp-json\/wp\/v2\/posts\/6133\/revisions"}],"predecessor-version":[{"id":19133,"href":"https:\/\/blogdoedvaldomagalhaes.com.br\/index.php\/wp-json\/wp\/v2\/posts\/6133\/revisions\/19133"}],"wp:attachment":[{"href":"https:\/\/blogdoedvaldomagalhaes.com.br\/index.php\/wp-json\/wp\/v2\/media?parent=6133"}],"wp:term":[{"taxonomy":"category","embeddable":true,"href":"https:\/\/blogdoedvaldomagalhaes.com.br\/index.php\/wp-json\/wp\/v2\/categories?post=6133"},{"taxonomy":"post_tag","embeddable":true,"href":"https:\/\/blogdoedvaldomagalhaes.com.br\/index.php\/wp-json\/wp\/v2\/tags?post=6133"}],"curies":[{"name":"wp","href":"https:\/\/api.w.org\/{rel}","templated":true}]}}