{"id":61320,"date":"2020-09-12T13:04:28","date_gmt":"2020-09-12T16:04:28","guid":{"rendered":"https:\/\/blogdoedvaldomagalhaes.com.br\/?p=61320"},"modified":"2020-09-12T16:16:45","modified_gmt":"2020-09-12T19:16:45","slug":"ambulancia-colide-em-cavalo-na-br-232-com-duas-pessoas-mortas-e-tres-feridas","status":"publish","type":"post","link":"https:\/\/blogdoedvaldomagalhaes.com.br\/index.php\/2020\/09\/12\/ambulancia-colide-em-cavalo-na-br-232-com-duas-pessoas-mortas-e-tres-feridas\/","title":{"rendered":"Ambul\u00e2ncia colide em cavalo na BR 232 com duas pessoas mortas e tr\u00eas feridas"},"content":{"rendered":"<p style=\"text-align: justify;\">O acidente ocorreu por volta das 23h, dessa sexta-feira (11), no km 177 da BR 232 em Belo Jardim. De acordo com a Pol\u00edcia Rodovi\u00e1ria Federal (PRF), o <span style=\"font-size: inherit;\">condutor de uma ambul\u00e2ncia colidiu em um cavalo, saiu da pista e capotou. O motorista realizou o teste do baf\u00f4metro e o resultado foi normal.<\/span><\/p>\n<p style=\"text-align: justify;\">O<span style=\"font-size: inherit;\"> aposentado G\u00e9rson G\u00f3is da Silva, de 72 anos e Ana J\u00e9ssica Lopes Xavier, de 29 anos, morreram no local. Os feridos s\u00e3o o motorista da ambul\u00e2ncia Alberto Pereira de Melo, Lourinaldo Xavier da Silva e Ednaldo Lopes, que est\u00e3o internados no hospital de Belo Jardim e n\u00e3o correm risco de morte.<\/span><\/p>\n<p style=\"text-align: justify;\">Segundo informa\u00e7\u00f5es, o senhor Gerson voltava de um hospital do Recife, onde foi submetido a uma cirurgia de pr\u00f3stata, recebeu alta m\u00e9dica e voltava pra sua cidade Cust\u00f3dia na ambul\u00e2ncia, acompanhado do irm\u00e3o Lourinaldo, do cunhado Ednaldo Lopes e de Ana J\u00e9ssica, que foi ao hospital para reversar com o Lourinaldo como acompanhante da v\u00edtima.<\/p>\n<p style=\"text-align: justify;\">Os corpos de Gerson e Ana J\u00e9ssica foram encaminhados para o IML de Caruaru e j\u00e1 foram periciados e liberados.<\/p>\n<p style=\"text-align: justify;\">Al\u00e9m da PRF, o Corpo de Bombeiros, o SAMU, a Pol\u00edcia Civil e o Instituto de Criminal\u00edstica tamb\u00e9m estiveram no local. A Pol\u00edcia Civil vai investigar o caso.<\/p>\n\n\n<figure class=\"wp-block-image size-large\"><img loading=\"lazy\" decoding=\"async\" width=\"1024\" height=\"768\" src=\"https:\/\/blogdoedvaldomagalhaes.com.br\/wp-content\/uploads\/2020\/09\/IMG-20200912-WA0072-1024x768.jpg\" alt=\"\" class=\"wp-image-61322\" srcset=\"https:\/\/blogdoedvaldomagalhaes.com.br\/wp-content\/uploads\/2020\/09\/IMG-20200912-WA0072-1024x768.jpg 1024w, https:\/\/blogdoedvaldomagalhaes.com.br\/wp-content\/uploads\/2020\/09\/IMG-20200912-WA0072-300x225.jpg 300w, https:\/\/blogdoedvaldomagalhaes.com.br\/wp-content\/uploads\/2020\/09\/IMG-20200912-WA0072-768x576.jpg 768w, https:\/\/blogdoedvaldomagalhaes.com.br\/wp-content\/uploads\/2020\/09\/IMG-20200912-WA0072-160x120.jpg 160w, https:\/\/blogdoedvaldomagalhaes.com.br\/wp-content\/uploads\/2020\/09\/IMG-20200912-WA0072.jpg 1152w\" sizes=\"auto, (max-width: 1024px) 100vw, 1024px\" \/><figcaption>Fotos: PRF\/Divulga\u00e7\u00e3o<\/figcaption><\/figure>\n\n\n\n<figure class=\"wp-block-image size-large\"><img loading=\"lazy\" decoding=\"async\" width=\"454\" height=\"483\" src=\"https:\/\/blogdoedvaldomagalhaes.com.br\/wp-content\/uploads\/2020\/09\/FB_IMG_1599937510532.jpg\" alt=\"\" class=\"wp-image-61330\" srcset=\"https:\/\/blogdoedvaldomagalhaes.com.br\/wp-content\/uploads\/2020\/09\/FB_IMG_1599937510532.jpg 454w, https:\/\/blogdoedvaldomagalhaes.com.br\/wp-content\/uploads\/2020\/09\/FB_IMG_1599937510532-282x300.jpg 282w\" sizes=\"auto, (max-width: 454px) 100vw, 454px\" \/><figcaption>G\u00e9rson G\u00f3is da Silva<\/figcaption><\/figure>\n\n\n\n<figure class=\"wp-block-image size-large\"><img loading=\"lazy\" decoding=\"async\" width=\"606\" height=\"721\" src=\"https:\/\/blogdoedvaldomagalhaes.com.br\/wp-content\/uploads\/2020\/09\/FB_IMG_1599937922929.jpg\" alt=\"\" class=\"wp-image-61331\" srcset=\"https:\/\/blogdoedvaldomagalhaes.com.br\/wp-content\/uploads\/2020\/09\/FB_IMG_1599937922929.jpg 606w, https:\/\/blogdoedvaldomagalhaes.com.br\/wp-content\/uploads\/2020\/09\/FB_IMG_1599937922929-252x300.jpg 252w\" sizes=\"auto, (max-width: 606px) 100vw, 606px\" \/><figcaption>Ana J\u00e9ssica <\/figcaption><\/figure>\n","protected":false},"excerpt":{"rendered":"<p>O acidente ocorreu por volta das 23h, dessa sexta-feira (11), no km 177 da BR 232 em Belo Jardim. De&hellip;<\/p>\n","protected":false},"author":1,"featured_media":61321,"comment_status":"open","ping_status":"open","sticky":false,"template":"","format":"standard","meta":{"footnotes":""},"categories":[14120],"tags":[14276,19531,4699,2,19532],"class_list":["post-61320","post","type-post","status-publish","format-standard","has-post-thumbnail","hentry","category-noticias","tag-acidente","tag-ambulancia-colide-em-cavalo-na-br-232-com-duas-pessoas-mortas-e-tres-feridas","tag-belo-jardim","tag-blog-do-edvaldo-magalhaes","tag-blog-mais-acessado-e-visualizado-de-caruaru-e-regiao"],"_links":{"self":[{"href":"https:\/\/blogdoedvaldomagalhaes.com.br\/index.php\/wp-json\/wp\/v2\/posts\/61320","targetHints":{"allow":["GET"]}}],"collection":[{"href":"https:\/\/blogdoedvaldomagalhaes.com.br\/index.php\/wp-json\/wp\/v2\/posts"}],"about":[{"href":"https:\/\/blogdoedvaldomagalhaes.com.br\/index.php\/wp-json\/wp\/v2\/types\/post"}],"author":[{"embeddable":true,"href":"https:\/\/blogdoedvaldomagalhaes.com.br\/index.php\/wp-json\/wp\/v2\/users\/1"}],"replies":[{"embeddable":true,"href":"https:\/\/blogdoedvaldomagalhaes.com.br\/index.php\/wp-json\/wp\/v2\/comments?post=61320"}],"version-history":[{"count":6,"href":"https:\/\/blogdoedvaldomagalhaes.com.br\/index.php\/wp-json\/wp\/v2\/posts\/61320\/revisions"}],"predecessor-version":[{"id":61333,"href":"https:\/\/blogdoedvaldomagalhaes.com.br\/index.php\/wp-json\/wp\/v2\/posts\/61320\/revisions\/61333"}],"wp:featuredmedia":[{"embeddable":true,"href":"https:\/\/blogdoedvaldomagalhaes.com.br\/index.php\/wp-json\/wp\/v2\/media\/61321"}],"wp:attachment":[{"href":"https:\/\/blogdoedvaldomagalhaes.com.br\/index.php\/wp-json\/wp\/v2\/media?parent=61320"}],"wp:term":[{"taxonomy":"category","embeddable":true,"href":"https:\/\/blogdoedvaldomagalhaes.com.br\/index.php\/wp-json\/wp\/v2\/categories?post=61320"},{"taxonomy":"post_tag","embeddable":true,"href":"https:\/\/blogdoedvaldomagalhaes.com.br\/index.php\/wp-json\/wp\/v2\/tags?post=61320"}],"curies":[{"name":"wp","href":"https:\/\/api.w.org\/{rel}","templated":true}]}}