{"id":61253,"date":"2020-09-10T21:17:16","date_gmt":"2020-09-11T00:17:16","guid":{"rendered":"https:\/\/blogdoedvaldomagalhaes.com.br\/?p=61253"},"modified":"2020-09-10T21:17:17","modified_gmt":"2020-09-11T00:17:17","slug":"up-elege-novo-diretorio-municipal-em-caruaru","status":"publish","type":"post","link":"https:\/\/blogdoedvaldomagalhaes.com.br\/index.php\/2020\/09\/10\/up-elege-novo-diretorio-municipal-em-caruaru\/","title":{"rendered":"UP elege novo diret\u00f3rio municipal em Caruaru"},"content":{"rendered":"<p style=\"text-align: justify;\"><span style=\"font-size: inherit;\">A Unidade Popular realizou de forma remota, na \u00faltima quarta-feira (09), seu segundo congresso municipal em Caruaru, elegeu um novo diret\u00f3rio e reconduziu a professora Val\u00e9ria Pires como presidente do partido na cidade.<\/span><\/p>\n<p style=\"text-align: justify;\"><br \/>O congresso teve a participa\u00e7\u00e3o efetiva dos filiados e filiadas do partido na cidade. No primeiro momento, a mesa de conjuntura contou com a participa\u00e7\u00e3o do membro do Diret\u00f3rio Estadual da UP Pernambuco, Raimundo Malheiros, de Michelle Santos, secret\u00e1ria do PSOL em Pernambuco e de Kim Taiuara, do Comit\u00ea Estadual do PCB em Pernambuco.<\/p>\n<p style=\"text-align: justify;\">Logo na sequ\u00eancia foi eleita a nova dire\u00e7\u00e3o do partido no munic\u00edpio, que tem a professora e pr\u00e9-candidata a vice-prefeita Val\u00e9ria Pires como presidente, o advogado e pr\u00e9-candidato a prefeito Rafael Wanderley como secret\u00e1rio e o sindicalista Henrique Ramos como tesoureiro.<\/p>\n<p style=\"text-align: justify;\">O diret\u00f3rio conta ainda com Edima Morais, Felipe Barros e Julyanna Morais como membros efetivos, Rog\u00e9ria Simone, Iany Morais e Gorete Gomes na Comiss\u00e3o de \u00c9tica e Disciplina, Sebasti\u00e3o Lira, Ednaldo Silva e Ant\u00f4nio Lira no Conselho Fiscal, C\u00edcero No\u00e9, Iracema Almeida e Jos\u00e9 Firmino na supl\u00eancia.<\/p>\n<p style=\"text-align: justify;\">Para Val\u00e9ria Pires, reeleita presidente do diret\u00f3rio municipal, a realiza\u00e7\u00e3o do congresso foi de grande import\u00e2ncia para que o conjunto da milit\u00e2ncia do partido pudesse discutir a atual conjuntura pol\u00edtica do Brasil e a t\u00e1tica eleitoral do partido para as elei\u00e7\u00f5es de novembro e acredita que &#8220;a recondu\u00e7\u00e3o de boa parte da dire\u00e7\u00e3o do partido \u00e9 uma aprova\u00e7\u00e3o da milit\u00e2ncia do trabalho realizado pelo diret\u00f3rio nesse \u00faltimo ano e demonstra um coesianamento acerca da pol\u00edtica aplicada pela UP em Caruaru&#8221;.<\/p>\n\n\n<figure class=\"wp-block-image size-large\"><img loading=\"lazy\" decoding=\"async\" width=\"1017\" height=\"1024\" src=\"https:\/\/blogdoedvaldomagalhaes.com.br\/wp-content\/uploads\/2020\/09\/IMG-20200910-WA0175-1017x1024.jpg\" alt=\"\" class=\"wp-image-61255\" srcset=\"https:\/\/blogdoedvaldomagalhaes.com.br\/wp-content\/uploads\/2020\/09\/IMG-20200910-WA0175-1017x1024.jpg 1017w, https:\/\/blogdoedvaldomagalhaes.com.br\/wp-content\/uploads\/2020\/09\/IMG-20200910-WA0175-298x300.jpg 298w, https:\/\/blogdoedvaldomagalhaes.com.br\/wp-content\/uploads\/2020\/09\/IMG-20200910-WA0175-150x150.jpg 150w, https:\/\/blogdoedvaldomagalhaes.com.br\/wp-content\/uploads\/2020\/09\/IMG-20200910-WA0175-768x773.jpg 768w, https:\/\/blogdoedvaldomagalhaes.com.br\/wp-content\/uploads\/2020\/09\/IMG-20200910-WA0175.jpg 1080w\" sizes=\"auto, (max-width: 1017px) 100vw, 1017px\" \/><figcaption>Val\u00e9ria Pires <\/figcaption><\/figure>\n","protected":false},"excerpt":{"rendered":"<p>A Unidade Popular realizou de forma remota, na \u00faltima quarta-feira (09), seu segundo congresso municipal em Caruaru, elegeu um novo&hellip;<\/p>\n","protected":false},"author":1,"featured_media":61254,"comment_status":"open","ping_status":"open","sticky":false,"template":"","format":"standard","meta":{"footnotes":""},"categories":[14122],"tags":[2,19418,19459,19511],"class_list":["post-61253","post","type-post","status-publish","format-standard","has-post-thumbnail","hentry","category-politica","tag-blog-do-edvaldo-magalhaes","tag-blog-mais-acessado-de-caruaru-e-regiao","tag-unidade-popular","tag-up-elege-novo-diretorio-municipal-em-caruaru"],"_links":{"self":[{"href":"https:\/\/blogdoedvaldomagalhaes.com.br\/index.php\/wp-json\/wp\/v2\/posts\/61253","targetHints":{"allow":["GET"]}}],"collection":[{"href":"https:\/\/blogdoedvaldomagalhaes.com.br\/index.php\/wp-json\/wp\/v2\/posts"}],"about":[{"href":"https:\/\/blogdoedvaldomagalhaes.com.br\/index.php\/wp-json\/wp\/v2\/types\/post"}],"author":[{"embeddable":true,"href":"https:\/\/blogdoedvaldomagalhaes.com.br\/index.php\/wp-json\/wp\/v2\/users\/1"}],"replies":[{"embeddable":true,"href":"https:\/\/blogdoedvaldomagalhaes.com.br\/index.php\/wp-json\/wp\/v2\/comments?post=61253"}],"version-history":[{"count":1,"href":"https:\/\/blogdoedvaldomagalhaes.com.br\/index.php\/wp-json\/wp\/v2\/posts\/61253\/revisions"}],"predecessor-version":[{"id":61256,"href":"https:\/\/blogdoedvaldomagalhaes.com.br\/index.php\/wp-json\/wp\/v2\/posts\/61253\/revisions\/61256"}],"wp:featuredmedia":[{"embeddable":true,"href":"https:\/\/blogdoedvaldomagalhaes.com.br\/index.php\/wp-json\/wp\/v2\/media\/61254"}],"wp:attachment":[{"href":"https:\/\/blogdoedvaldomagalhaes.com.br\/index.php\/wp-json\/wp\/v2\/media?parent=61253"}],"wp:term":[{"taxonomy":"category","embeddable":true,"href":"https:\/\/blogdoedvaldomagalhaes.com.br\/index.php\/wp-json\/wp\/v2\/categories?post=61253"},{"taxonomy":"post_tag","embeddable":true,"href":"https:\/\/blogdoedvaldomagalhaes.com.br\/index.php\/wp-json\/wp\/v2\/tags?post=61253"}],"curies":[{"name":"wp","href":"https:\/\/api.w.org\/{rel}","templated":true}]}}