{"id":61250,"date":"2020-09-10T20:56:50","date_gmt":"2020-09-10T23:56:50","guid":{"rendered":"https:\/\/blogdoedvaldomagalhaes.com.br\/?p=61250"},"modified":"2020-09-10T20:56:51","modified_gmt":"2020-09-10T23:56:51","slug":"projeto-que-visa-cobrar-ao-preso-o-uso-de-tornozeleira-eletronica-e-aprovado-na-alepe","status":"publish","type":"post","link":"https:\/\/blogdoedvaldomagalhaes.com.br\/index.php\/2020\/09\/10\/projeto-que-visa-cobrar-ao-preso-o-uso-de-tornozeleira-eletronica-e-aprovado-na-alepe\/","title":{"rendered":"Projeto que visa cobrar ao preso o uso de tornozeleira eletr\u00f4nica \u00e9 aprovado na Alepe"},"content":{"rendered":"<p style=\"text-align: justify;\">O plen\u00e1rio da Assembleia Legislativa de Pernambuco (Alepe) aprovou que presos com condi\u00e7\u00f5es financeiras paguem pelo uso de tornozeleiras eletr\u00f4nicas. Presos atendidos por defensores p\u00fablicos ou que comprovem n\u00e3o possuir condi\u00e7\u00f5es para arcar com os custos do equipamento s\u00e3o isentos da cobran\u00e7a, de acordo com a norma.<\/p>\n<p style=\"text-align: justify;\">A proposta \u00e9 oriunda dos projetos de lei 439 e 349, dos deputados estaduais Delegado Lessa e Gustavo Gouveia, respectivamente. A vota\u00e7\u00e3o em segunda discuss\u00e3o ocorreu na reuni\u00e3o plen\u00e1ria da quinta-feira (03), ocorrida de forma remota.<\/p>\n<p style=\"text-align: justify;\">O valor de cada tornozeleira eletr\u00f4nica \u00e9 de R$ 236,50, de acordo com dados da Secretaria Executiva de Ressocializa\u00e7\u00e3o de Pernambuco (Seres-PE). Atualmente, o estado tem capacidade mensal de realizar 4 mil monitoramentos. Segundo o parlamentar, o ressarcimento das despesas dever\u00e1 melhorar o servi\u00e7o p\u00fablico. \u201cO preso que tiver condi\u00e7\u00f5es vai pagar pelo monitoramento, trazendo economia para os cofres p\u00fablicos, para trazer mais investimentos para a seguran\u00e7a p\u00fablica e ressocializa\u00e7\u00e3o\u201d, avalia o Delegado Lessa.<\/p>\n<p>Com a aprova\u00e7\u00e3o no plen\u00e1rio, a mat\u00e9ria seguir\u00e1 para san\u00e7\u00e3o pelo Poder Executivo de Pernambuco. Leis semelhantes, que instituem a cobran\u00e7a ao apenado pelo uso do equipamento, j\u00e1 est\u00e3o em vigor em estados como Cear\u00e1, Rio Grande do Norte e Paran\u00e1.<\/p>\n<p style=\"text-align: justify;\">Foto: Viliane Gomes<\/p>\n","protected":false},"excerpt":{"rendered":"<p>O plen\u00e1rio da Assembleia Legislativa de Pernambuco (Alepe) aprovou que presos com condi\u00e7\u00f5es financeiras paguem pelo uso de tornozeleiras eletr\u00f4nicas.&hellip;<\/p>\n","protected":false},"author":1,"featured_media":61251,"comment_status":"open","ping_status":"open","sticky":false,"template":"","format":"standard","meta":{"footnotes":""},"categories":[14122],"tags":[2,19418,19510],"class_list":["post-61250","post","type-post","status-publish","format-standard","has-post-thumbnail","hentry","category-politica","tag-blog-do-edvaldo-magalhaes","tag-blog-mais-acessado-de-caruaru-e-regiao","tag-projeto-que-visa-cobrar-ao-preso-o-uso-de-tornozeleira-eletronica-e-aprovado-na-alepe"],"_links":{"self":[{"href":"https:\/\/blogdoedvaldomagalhaes.com.br\/index.php\/wp-json\/wp\/v2\/posts\/61250","targetHints":{"allow":["GET"]}}],"collection":[{"href":"https:\/\/blogdoedvaldomagalhaes.com.br\/index.php\/wp-json\/wp\/v2\/posts"}],"about":[{"href":"https:\/\/blogdoedvaldomagalhaes.com.br\/index.php\/wp-json\/wp\/v2\/types\/post"}],"author":[{"embeddable":true,"href":"https:\/\/blogdoedvaldomagalhaes.com.br\/index.php\/wp-json\/wp\/v2\/users\/1"}],"replies":[{"embeddable":true,"href":"https:\/\/blogdoedvaldomagalhaes.com.br\/index.php\/wp-json\/wp\/v2\/comments?post=61250"}],"version-history":[{"count":1,"href":"https:\/\/blogdoedvaldomagalhaes.com.br\/index.php\/wp-json\/wp\/v2\/posts\/61250\/revisions"}],"predecessor-version":[{"id":61252,"href":"https:\/\/blogdoedvaldomagalhaes.com.br\/index.php\/wp-json\/wp\/v2\/posts\/61250\/revisions\/61252"}],"wp:featuredmedia":[{"embeddable":true,"href":"https:\/\/blogdoedvaldomagalhaes.com.br\/index.php\/wp-json\/wp\/v2\/media\/61251"}],"wp:attachment":[{"href":"https:\/\/blogdoedvaldomagalhaes.com.br\/index.php\/wp-json\/wp\/v2\/media?parent=61250"}],"wp:term":[{"taxonomy":"category","embeddable":true,"href":"https:\/\/blogdoedvaldomagalhaes.com.br\/index.php\/wp-json\/wp\/v2\/categories?post=61250"},{"taxonomy":"post_tag","embeddable":true,"href":"https:\/\/blogdoedvaldomagalhaes.com.br\/index.php\/wp-json\/wp\/v2\/tags?post=61250"}],"curies":[{"name":"wp","href":"https:\/\/api.w.org\/{rel}","templated":true}]}}