{"id":61235,"date":"2020-09-10T12:48:08","date_gmt":"2020-09-10T15:48:08","guid":{"rendered":"https:\/\/blogdoedvaldomagalhaes.com.br\/?p=61235"},"modified":"2020-09-10T12:48:09","modified_gmt":"2020-09-10T15:48:09","slug":"lancado-canal-de-vendas-do-polo-de-confeccoes-do-agreste-sulanca-online","status":"publish","type":"post","link":"https:\/\/blogdoedvaldomagalhaes.com.br\/index.php\/2020\/09\/10\/lancado-canal-de-vendas-do-polo-de-confeccoes-do-agreste-sulanca-online\/","title":{"rendered":"Lan\u00e7ado canal de vendas do Polo de Confec\u00e7\u00f5es do Agreste: Sulanca Online"},"content":{"rendered":"<p style=\"text-align: justify;\"><span style=\"font-size: inherit;\">O SULANCA ONLINE, foi lan\u00e7ado nessa quarta-feira (9). O centro de compras online possibilita confeccionistas do atacado e varejo de todo o Polo de Confec\u00e7\u00e3o do Agreste entrarem no digital e, sem d\u00favida, posicionando-os no mercado, fortalecendo suas marcas, vendas e criando possibilidades de capacita\u00e7\u00e3o e qualifica\u00e7\u00e3o para disputar com redes varejistas atrav\u00e9s de pre\u00e7os convidativos e produtos de boa qualidade, comercializados para todo o Brasil.<\/span><\/p>\n<p style=\"text-align: justify;\">O Sulanca Online \u00e9 uma startup desenvolvida dentro do COMEIA a fim de popularizar a produ\u00e7\u00e3o das feiras da Sulanca do Polo de Confec\u00e7\u00e3o do Agreste, enaltecendo o nome Sulanca, representativo e hist\u00f3rico que atende mais de 30 cidades pernambucanas do Agreste, permitindo a aproxima\u00e7\u00e3o entre o fabricante e o consumidor final.<\/p>\n<p style=\"text-align: justify;\">Os interessados em se cadastrar e colocar sua loja online \u00e9 s\u00f3 entrar no site. \u00c9 f\u00e1cil e r\u00e1pido o cadastro. A ades\u00e3o \u00e9 gratuita at\u00e9 o dia 31 de outubro para os cadastrados at\u00e9 o dia 15 de setembro. Ap\u00f3s essa data os lojistas v\u00e3o come\u00e7ar a investir em uma mensalidade acess\u00edvel para todos. O lan\u00e7amento do canal de vendas d\u00e1 in\u00edcio a toda a rede de divulga\u00e7\u00e3o e est\u00e1 pronto para receber pedidos de compra online. \u00c9 s\u00f3 ir e conferir!<\/p>\n<p style=\"text-align: justify;\">Mais informa\u00e7\u00e3o sobre o Sulanca Online pelo n\u00famero (81) 98579-7336 ou pelo pr\u00f3prio site.<br \/>\nwww.sulancaonline.com.br | @sulancaonline .<\/p>\n","protected":false},"excerpt":{"rendered":"<p>O SULANCA ONLINE, foi lan\u00e7ado nessa quarta-feira (9). O centro de compras online possibilita confeccionistas do atacado e varejo de&hellip;<\/p>\n","protected":false},"author":1,"featured_media":61236,"comment_status":"open","ping_status":"open","sticky":false,"template":"","format":"standard","meta":{"footnotes":""},"categories":[14120],"tags":[2,19418,19506],"class_list":["post-61235","post","type-post","status-publish","format-standard","has-post-thumbnail","hentry","category-noticias","tag-blog-do-edvaldo-magalhaes","tag-blog-mais-acessado-de-caruaru-e-regiao","tag-lancado-canal-de-vendas-do-polo-de-confeccoes-do-agreste-sulanca-online"],"_links":{"self":[{"href":"https:\/\/blogdoedvaldomagalhaes.com.br\/index.php\/wp-json\/wp\/v2\/posts\/61235","targetHints":{"allow":["GET"]}}],"collection":[{"href":"https:\/\/blogdoedvaldomagalhaes.com.br\/index.php\/wp-json\/wp\/v2\/posts"}],"about":[{"href":"https:\/\/blogdoedvaldomagalhaes.com.br\/index.php\/wp-json\/wp\/v2\/types\/post"}],"author":[{"embeddable":true,"href":"https:\/\/blogdoedvaldomagalhaes.com.br\/index.php\/wp-json\/wp\/v2\/users\/1"}],"replies":[{"embeddable":true,"href":"https:\/\/blogdoedvaldomagalhaes.com.br\/index.php\/wp-json\/wp\/v2\/comments?post=61235"}],"version-history":[{"count":1,"href":"https:\/\/blogdoedvaldomagalhaes.com.br\/index.php\/wp-json\/wp\/v2\/posts\/61235\/revisions"}],"predecessor-version":[{"id":61237,"href":"https:\/\/blogdoedvaldomagalhaes.com.br\/index.php\/wp-json\/wp\/v2\/posts\/61235\/revisions\/61237"}],"wp:featuredmedia":[{"embeddable":true,"href":"https:\/\/blogdoedvaldomagalhaes.com.br\/index.php\/wp-json\/wp\/v2\/media\/61236"}],"wp:attachment":[{"href":"https:\/\/blogdoedvaldomagalhaes.com.br\/index.php\/wp-json\/wp\/v2\/media?parent=61235"}],"wp:term":[{"taxonomy":"category","embeddable":true,"href":"https:\/\/blogdoedvaldomagalhaes.com.br\/index.php\/wp-json\/wp\/v2\/categories?post=61235"},{"taxonomy":"post_tag","embeddable":true,"href":"https:\/\/blogdoedvaldomagalhaes.com.br\/index.php\/wp-json\/wp\/v2\/tags?post=61235"}],"curies":[{"name":"wp","href":"https:\/\/api.w.org\/{rel}","templated":true}]}}