{"id":61231,"date":"2020-09-10T11:58:02","date_gmt":"2020-09-10T14:58:02","guid":{"rendered":"https:\/\/blogdoedvaldomagalhaes.com.br\/?p=61231"},"modified":"2020-09-10T11:58:03","modified_gmt":"2020-09-10T14:58:03","slug":"policia-rodoviaria-federal-retoma-atendimento-presencial-ao-publico-em-pernambuco","status":"publish","type":"post","link":"https:\/\/blogdoedvaldomagalhaes.com.br\/index.php\/2020\/09\/10\/policia-rodoviaria-federal-retoma-atendimento-presencial-ao-publico-em-pernambuco\/","title":{"rendered":"Pol\u00edcia Rodovi\u00e1ria Federal retoma atendimento presencial ao p\u00fablico em Pernambuco"},"content":{"rendered":"<p style=\"text-align: justify;\"><span style=\"font-size: inherit;\">A Pol\u00edcia Rodovi\u00e1ria Federal (PRF) retomou desde ter\u00e7a-feira (08) o atendimento presencial ao p\u00fablico na superintend\u00eancia, nas delegacias e postos do \u00f3rg\u00e3o, localizados na Regi\u00e3o Metropolitana do Recife, no Agreste e no Sert\u00e3o de Pernambuco. O acesso dever\u00e1 ser agendado por telefone ou por e-mail, para evitar aglomera\u00e7\u00f5es e respeitar protocolos sanit\u00e1rios.<\/span><\/p>\n<p style=\"text-align: justify;\">O atendimento presencial pode ser agendado por meio do Whatsapp: (81)99241-5272 ou pelo e-mail: atendimento.pe@prf.gov.br. Assim como os servidores, o p\u00fablico tamb\u00e9m dever\u00e1 utilizar m\u00e1scara e adotar os procedimentos de higiene preconizados pelos \u00f3rg\u00e3os de sa\u00fade.<\/p>\n<p style=\"text-align: justify;\">Peticionamento Eletr\u00f4nico<\/p>\n<p style=\"text-align: justify;\">Desde o dia 3 de agosto, foi institu\u00eddo o peticionamento eletr\u00f4nico como forma oficial de protocolar documentos, para facilitar o acesso do cidad\u00e3o a servi\u00e7os e evitar deslocamentos \u00e0s unidades da PRF. Entre os servi\u00e7os oferecidos, est\u00e3o a defesa de autua\u00e7\u00e3o, recurso de multa, identifica\u00e7\u00e3o de condutor infrator, solicita\u00e7\u00e3o de retifica\u00e7\u00e3o de boletim de acidente de tr\u00e2nsito e solicita\u00e7\u00e3o de c\u00f3pia ou vista de processo ou documento. Para isso, \u00e9 necess\u00e1rio se cadastrar no Sistema Eletr\u00f4nico de Informa\u00e7\u00f5es, pelo endere\u00e7o: https:\/\/sei.prf.gov.br\/acessoexterno.<\/p>\n\n\n<figure class=\"wp-block-image size-large\"><img loading=\"lazy\" decoding=\"async\" width=\"1024\" height=\"576\" src=\"https:\/\/blogdoedvaldomagalhaes.com.br\/wp-content\/uploads\/2020\/09\/IMG-20200910-WA0065-1024x576.jpg\" alt=\"\" class=\"wp-image-61233\" srcset=\"https:\/\/blogdoedvaldomagalhaes.com.br\/wp-content\/uploads\/2020\/09\/IMG-20200910-WA0065-1024x576.jpg 1024w, https:\/\/blogdoedvaldomagalhaes.com.br\/wp-content\/uploads\/2020\/09\/IMG-20200910-WA0065-300x169.jpg 300w, https:\/\/blogdoedvaldomagalhaes.com.br\/wp-content\/uploads\/2020\/09\/IMG-20200910-WA0065-768x432.jpg 768w, https:\/\/blogdoedvaldomagalhaes.com.br\/wp-content\/uploads\/2020\/09\/IMG-20200910-WA0065-1140x641.jpg 1140w, https:\/\/blogdoedvaldomagalhaes.com.br\/wp-content\/uploads\/2020\/09\/IMG-20200910-WA0065-720x405.jpg 720w, https:\/\/blogdoedvaldomagalhaes.com.br\/wp-content\/uploads\/2020\/09\/IMG-20200910-WA0065.jpg 1280w\" sizes=\"auto, (max-width: 1024px) 100vw, 1024px\" \/><\/figure>\n","protected":false},"excerpt":{"rendered":"<p>A Pol\u00edcia Rodovi\u00e1ria Federal (PRF) retomou desde ter\u00e7a-feira (08) o atendimento presencial ao p\u00fablico na superintend\u00eancia, nas delegacias e postos&hellip;<\/p>\n","protected":false},"author":1,"featured_media":61232,"comment_status":"open","ping_status":"open","sticky":false,"template":"","format":"standard","meta":{"footnotes":""},"categories":[14120],"tags":[2,19418,19504],"class_list":["post-61231","post","type-post","status-publish","format-standard","has-post-thumbnail","hentry","category-noticias","tag-blog-do-edvaldo-magalhaes","tag-blog-mais-acessado-de-caruaru-e-regiao","tag-policia-rodoviaria-federal-retoma-atendimento-presencial-ao-publico-em-pernambuco"],"_links":{"self":[{"href":"https:\/\/blogdoedvaldomagalhaes.com.br\/index.php\/wp-json\/wp\/v2\/posts\/61231","targetHints":{"allow":["GET"]}}],"collection":[{"href":"https:\/\/blogdoedvaldomagalhaes.com.br\/index.php\/wp-json\/wp\/v2\/posts"}],"about":[{"href":"https:\/\/blogdoedvaldomagalhaes.com.br\/index.php\/wp-json\/wp\/v2\/types\/post"}],"author":[{"embeddable":true,"href":"https:\/\/blogdoedvaldomagalhaes.com.br\/index.php\/wp-json\/wp\/v2\/users\/1"}],"replies":[{"embeddable":true,"href":"https:\/\/blogdoedvaldomagalhaes.com.br\/index.php\/wp-json\/wp\/v2\/comments?post=61231"}],"version-history":[{"count":1,"href":"https:\/\/blogdoedvaldomagalhaes.com.br\/index.php\/wp-json\/wp\/v2\/posts\/61231\/revisions"}],"predecessor-version":[{"id":61234,"href":"https:\/\/blogdoedvaldomagalhaes.com.br\/index.php\/wp-json\/wp\/v2\/posts\/61231\/revisions\/61234"}],"wp:featuredmedia":[{"embeddable":true,"href":"https:\/\/blogdoedvaldomagalhaes.com.br\/index.php\/wp-json\/wp\/v2\/media\/61232"}],"wp:attachment":[{"href":"https:\/\/blogdoedvaldomagalhaes.com.br\/index.php\/wp-json\/wp\/v2\/media?parent=61231"}],"wp:term":[{"taxonomy":"category","embeddable":true,"href":"https:\/\/blogdoedvaldomagalhaes.com.br\/index.php\/wp-json\/wp\/v2\/categories?post=61231"},{"taxonomy":"post_tag","embeddable":true,"href":"https:\/\/blogdoedvaldomagalhaes.com.br\/index.php\/wp-json\/wp\/v2\/tags?post=61231"}],"curies":[{"name":"wp","href":"https:\/\/api.w.org\/{rel}","templated":true}]}}