{"id":6119,"date":"2017-04-30T00:04:00","date_gmt":"2017-04-30T03:04:00","guid":{"rendered":"http:\/\/blogdoedvaldomagalhaes.com.br\/index.php\/2017\/04\/30\/santa-cruz-derrota-sport-na-ilha-e-te\/"},"modified":"2019-02-09T01:24:56","modified_gmt":"2019-02-09T03:24:56","slug":"santa-cruz-derrota-sport-na-ilha-e-te","status":"publish","type":"post","link":"https:\/\/blogdoedvaldomagalhaes.com.br\/index.php\/2017\/04\/30\/santa-cruz-derrota-sport-na-ilha-e-te\/","title":{"rendered":"Santa Cruz derrota Sport na Ilha e tem vantagem no Arruda para chegar \u00e0 final"},"content":{"rendered":"<div class=\"separator\" style=\"clear: both; text-align: center;\">\n<a href=\"https:\/\/3.bp.blogspot.com\/-d8eQraStrhs\/WQUo31wfh8I\/AAAAAAAAUQg\/P8yWtevS0KcOoZnxeV3xc5iMFkzjLzEwwCLcB\/s1600\/sport.jpg\" imageanchor=\"1\" style=\"margin-left: 1em; margin-right: 1em;\"><img loading=\"lazy\" decoding=\"async\" border=\"0\" height=\"267\" src=\"http:\/\/blogdoedvaldomagalhaes.com.br\/wp-content\/uploads\/2017\/04\/sport.jpg\" width=\"400\" \/><\/a><\/div>\n<div class=\"separator\" style=\"clear: both; text-align: center;\">\nFoto: Genival Fernandes<\/div>\n<div class=\"separator\" style=\"clear: both; text-align: center;\">\n<\/div>\n<div style=\"text-align: justify;\">\nO Santa Cruz deu o primeiro passo em dire\u00e7\u00e3o a vaga na grande final da Copa do Nordeste, ao vencer o cl\u00e1ssico contra o Sport por 2&#215;1, na Ilha do Retiro, neste s\u00e1bado (29). O primeiro gol da partida foi marcado por L\u00e9o Costa aos 32 minutos do 1\u00ba tempo para os tricolores. Os rubro-negros empataram aos 39 minutos ainda no primeiro tempo, com Diego Souza, cobrando p\u00eanalti. No segundo tempo Halef Pitbull marcou o gol da vit\u00f3ria coral aos 32 minutos.<\/div>\n<div style=\"text-align: justify;\">\n<\/div>\n<div style=\"text-align: justify;\">\nO Cobra Coral pode at\u00e9 perder por 1&#215;0, no jogo da volta, no Arruda, para chegar na decis\u00e3o da Copa. O Le\u00e3o precisa vencer, com pelo menos tr\u00eas gols de diferen\u00e7a, ou marcar mais de tr\u00eas vezes e dois gols de diferen\u00e7a. Se o jogo terminar 2&#215;1 para o rubro-negro a decis\u00e3o ser\u00e1 nos p\u00eanaltis.<\/div>\n<div style=\"text-align: justify;\">\n<\/div>\n<div style=\"text-align: justify;\">\n<b>FICHA DE T\u00c8CNICA<\/b><\/div>\n<div style=\"text-align: justify;\">\n<\/div>\n<div style=\"text-align: justify;\">\n<b>SPORT:&nbsp;<\/b>Magr\u00e3o, Samuel Xavier, M. Ferraz, Durval e Mena; Fabr\u00edcio, Ronaldo e Rithely; Diego Souza, Andr\u00e9 e Juninho (Lenis). T\u00e9cnico: Ney Franco<\/div>\n<div style=\"text-align: justify;\">\n<\/div>\n<div style=\"text-align: justify;\">\n<b>SANTA CRUZ:&nbsp;<\/b>Jacsson; V\u00edtor, Anderson Salles, Bruno Silva e Thiago Costa; Elicarlos, David, Pereira (Andr\u00e9 Lu\u00eds), L\u00e9o Costa e Thom\u00e1s (Everton Santos); Halef Pitbull. T\u00e9cnico: Vin\u00edcius Eutr\u00f3pio<\/div>\n<div style=\"text-align: justify;\">\n<\/div>\n<div style=\"text-align: justify;\">\n<b>\u00c1rbitro:<\/b> Claudio Francisco Lima e Silva (SE).<b>&nbsp;<\/b><b>Assistentes: <\/b>Cleriston Clay Barreto Rios e Daniel Vidal Pimentel (Ambos de SE)<\/div>\n<div style=\"text-align: justify;\">\n<b>Cart\u00f5es amarelos:<\/b> Lucas Silva, David, Pereira, Jacsson (Santa Cruz); Matheus Ferraz, Reinaldo Lenis (Sport).&nbsp;<b style=\"font-family: arial, helvetica, sans-serif; font-size: x-large;\">Cart\u00e3o vermelho:<\/b> Reinaldo Lenis (Sport)<\/div>\n<div style=\"text-align: justify;\">\n<b>Renda: <\/b>490,335,00. <b>P\u00fablico:<\/b> 23.574.<\/p>\n<p><\/p>\n<div class=\"separator\" style=\"clear: both; text-align: center;\">\n<a href=\"http:\/\/blogdoedvaldomagalhaes.com.br\/wp-content\/uploads\/2017\/04\/5-Saga-29.jpg\" imageanchor=\"1\" style=\"clear: left; float: left; margin-bottom: 1em; margin-right: 1em;\"><img decoding=\"async\" border=\"0\" src=\"http:\/\/blogdoedvaldomagalhaes.com.br\/wp-content\/uploads\/2017\/04\/5-Saga-29.jpg\" \/><\/a><\/div>\n<p><\/div>\n","protected":false},"excerpt":{"rendered":"<p>Foto: Genival Fernandes O Santa Cruz deu o primeiro passo em dire\u00e7\u00e3o a vaga na grande final da Copa do&hellip;<\/p>\n","protected":false},"author":1,"featured_media":0,"comment_status":"open","ping_status":"open","sticky":false,"template":"","format":"standard","meta":{"footnotes":""},"categories":[1],"tags":[2,3,8220],"class_list":["post-6119","post","type-post","status-publish","format-standard","hentry","category-sem-categoria","tag-blog-do-edvaldo-magalhaes","tag-futebol","tag-santa-cruz-derrota-sport-na-ilha-e-tem-vantagem-no-arruda-para-chegar-a-final"],"_links":{"self":[{"href":"https:\/\/blogdoedvaldomagalhaes.com.br\/index.php\/wp-json\/wp\/v2\/posts\/6119","targetHints":{"allow":["GET"]}}],"collection":[{"href":"https:\/\/blogdoedvaldomagalhaes.com.br\/index.php\/wp-json\/wp\/v2\/posts"}],"about":[{"href":"https:\/\/blogdoedvaldomagalhaes.com.br\/index.php\/wp-json\/wp\/v2\/types\/post"}],"author":[{"embeddable":true,"href":"https:\/\/blogdoedvaldomagalhaes.com.br\/index.php\/wp-json\/wp\/v2\/users\/1"}],"replies":[{"embeddable":true,"href":"https:\/\/blogdoedvaldomagalhaes.com.br\/index.php\/wp-json\/wp\/v2\/comments?post=6119"}],"version-history":[{"count":1,"href":"https:\/\/blogdoedvaldomagalhaes.com.br\/index.php\/wp-json\/wp\/v2\/posts\/6119\/revisions"}],"predecessor-version":[{"id":19178,"href":"https:\/\/blogdoedvaldomagalhaes.com.br\/index.php\/wp-json\/wp\/v2\/posts\/6119\/revisions\/19178"}],"wp:attachment":[{"href":"https:\/\/blogdoedvaldomagalhaes.com.br\/index.php\/wp-json\/wp\/v2\/media?parent=6119"}],"wp:term":[{"taxonomy":"category","embeddable":true,"href":"https:\/\/blogdoedvaldomagalhaes.com.br\/index.php\/wp-json\/wp\/v2\/categories?post=6119"},{"taxonomy":"post_tag","embeddable":true,"href":"https:\/\/blogdoedvaldomagalhaes.com.br\/index.php\/wp-json\/wp\/v2\/tags?post=6119"}],"curies":[{"name":"wp","href":"https:\/\/api.w.org\/{rel}","templated":true}]}}