{"id":61176,"date":"2020-09-08T23:41:43","date_gmt":"2020-09-09T02:41:43","guid":{"rendered":"https:\/\/blogdoedvaldomagalhaes.com.br\/?p=61176"},"modified":"2020-09-08T23:41:44","modified_gmt":"2020-09-09T02:41:44","slug":"segundo-tremor-de-terra-em-caruaru-na-noite-desta-terca-feira-8","status":"publish","type":"post","link":"https:\/\/blogdoedvaldomagalhaes.com.br\/index.php\/2020\/09\/08\/segundo-tremor-de-terra-em-caruaru-na-noite-desta-terca-feira-8\/","title":{"rendered":"Segundo tremor de terra em Caruaru na noite desta ter\u00e7a-feira (8)"},"content":{"rendered":"<p style=\"text-align: justify;\">Um forte tremor de terra foi sentido pela popula\u00e7\u00e3o de Caruaru, Agreste de Pernambuco, na noite desta ter\u00e7a-feira (08). O abalo s\u00edsmico ocorreu \u00e0s 23h17.<\/p>\n<p style=\"text-align: justify;\">Moradores da cidade e zona rural sentiram a terra tremer e muitos ficaram assustados. A magnitude ser\u00e1 divulgada na manh\u00e3 desta quarta-feira (09) pelo Laborat\u00f3rio de Sismologia da Universidade Federal do Rio Grande do Norte (UFRN).<\/p>\n<p style=\"text-align: justify;\">Este foi o segundo abalo s\u00edsmico ocorrido nesta noite.\u00a0<a href=\"https:\/\/liberdade.com.br\/2020\/09\/08\/terra-volta-a-tremer-em-caruaru-na-tarde-desta-terca-feira\/\">O primeiro foi registrado \u00e0s 19h52, com magnitude 1.5 graus na escala Richter.<\/a><\/p>\n<p>Por Helenivaldo Pereira.<\/p>\n","protected":false},"excerpt":{"rendered":"<p>Um forte tremor de terra foi sentido pela popula\u00e7\u00e3o de Caruaru, Agreste de Pernambuco, na noite desta ter\u00e7a-feira (08). O&hellip;<\/p>\n","protected":false},"author":1,"featured_media":61177,"comment_status":"open","ping_status":"open","sticky":false,"template":"","format":"standard","meta":{"footnotes":""},"categories":[14120],"tags":[19491,2,19418,19490],"class_list":["post-61176","post","type-post","status-publish","format-standard","has-post-thumbnail","hentry","category-noticias","tag-abalo-sismico","tag-blog-do-edvaldo-magalhaes","tag-blog-mais-acessado-de-caruaru-e-regiao","tag-segundo-tremor-de-terra-em-caruaru-na-noite-desta-terca-feira-8"],"_links":{"self":[{"href":"https:\/\/blogdoedvaldomagalhaes.com.br\/index.php\/wp-json\/wp\/v2\/posts\/61176","targetHints":{"allow":["GET"]}}],"collection":[{"href":"https:\/\/blogdoedvaldomagalhaes.com.br\/index.php\/wp-json\/wp\/v2\/posts"}],"about":[{"href":"https:\/\/blogdoedvaldomagalhaes.com.br\/index.php\/wp-json\/wp\/v2\/types\/post"}],"author":[{"embeddable":true,"href":"https:\/\/blogdoedvaldomagalhaes.com.br\/index.php\/wp-json\/wp\/v2\/users\/1"}],"replies":[{"embeddable":true,"href":"https:\/\/blogdoedvaldomagalhaes.com.br\/index.php\/wp-json\/wp\/v2\/comments?post=61176"}],"version-history":[{"count":1,"href":"https:\/\/blogdoedvaldomagalhaes.com.br\/index.php\/wp-json\/wp\/v2\/posts\/61176\/revisions"}],"predecessor-version":[{"id":61178,"href":"https:\/\/blogdoedvaldomagalhaes.com.br\/index.php\/wp-json\/wp\/v2\/posts\/61176\/revisions\/61178"}],"wp:featuredmedia":[{"embeddable":true,"href":"https:\/\/blogdoedvaldomagalhaes.com.br\/index.php\/wp-json\/wp\/v2\/media\/61177"}],"wp:attachment":[{"href":"https:\/\/blogdoedvaldomagalhaes.com.br\/index.php\/wp-json\/wp\/v2\/media?parent=61176"}],"wp:term":[{"taxonomy":"category","embeddable":true,"href":"https:\/\/blogdoedvaldomagalhaes.com.br\/index.php\/wp-json\/wp\/v2\/categories?post=61176"},{"taxonomy":"post_tag","embeddable":true,"href":"https:\/\/blogdoedvaldomagalhaes.com.br\/index.php\/wp-json\/wp\/v2\/tags?post=61176"}],"curies":[{"name":"wp","href":"https:\/\/api.w.org\/{rel}","templated":true}]}}