{"id":61173,"date":"2020-09-08T22:57:59","date_gmt":"2020-09-09T01:57:59","guid":{"rendered":"https:\/\/blogdoedvaldomagalhaes.com.br\/?p=61173"},"modified":"2020-09-08T22:58:00","modified_gmt":"2020-09-09T01:58:00","slug":"mais-de-115-mil-pessoas-recuperadas-de-covid-19-em-pernambuco","status":"publish","type":"post","link":"https:\/\/blogdoedvaldomagalhaes.com.br\/index.php\/2020\/09\/08\/mais-de-115-mil-pessoas-recuperadas-de-covid-19-em-pernambuco\/","title":{"rendered":"Mais de 115 mil pessoas recuperadas de Covid-19 em Pernambuco"},"content":{"rendered":"<p style=\"text-align: justify;\"><span style=\"font-size: inherit;\">Nesta ter\u00e7a-feira (8), a Secretaria Estadual de Sa\u00fade (SES-PE) registrou 170 novos casos da Covid-19, sendo 86% leves. Agora, Pernambuco tem 132.590 casos confirmados.<\/span><\/p>\n<p style=\"text-align: justify;\">Mais de 115 mil pessoas conseguiram se recuperar da Covid-19 em Pernambuco ap\u00f3s serem diagnosticadas com o novo coronav\u00edrus e apresentarem a forma grave ou leve da doen\u00e7a. Hoje (8), a SES-PE registrou 115.154 curas cl\u00ednicas do total de 132.590 pacientes infectados, o que corresponde a 86,8% do total de pessoas confirmadas laboratorialmente com a doen\u00e7a.<\/p>\n<p style=\"text-align: justify;\">O boletim da SES tamb\u00e9m aponta 20 novos \u00f3bitos, ocorridos desde o dia 15 de julho. Das mortes informadas hoje, 10 (50%) ocorreram no m\u00eas de setembro, sendo tr\u00eas ontem (7), quatro em 06\/09, duas em 05\/09 e uma em 04\/09. Com isso, o Estado totaliza 7.741 mortes* causadas pela Covid-19.<\/p>\n<p style=\"text-align: justify;\">Os indicadores de S\u00edndrome Respirat\u00f3ria Aguda Grave (SRAG) e de \u00f3bitos seguem em queda em Pernambuco. Segundo o secret\u00e1rio de Sa\u00fade do Estado, Andr\u00e9 Longo, na compara\u00e7\u00e3o de 15 dias, tivemos uma redu\u00e7\u00e3o de 26,6% nos casos de Srag e de 36,8% dos \u00f3bitos. Lembrando que o comportamento da doen\u00e7a n\u00e3o \u00e9 homog\u00eaneo no Estado.<\/p>\n<p style=\"text-align: justify;\"><span style=\"font-size: inherit;\">Entenda a metodologia para defini\u00e7\u00e3o dos casos.<\/span><\/p>\n<p style=\"text-align: justify;\"><span style=\"font-size: inherit;\">Pernambuco contabiliza 16 casos da S\u00edndrome Inflamat\u00f3ria Multissist\u00eamica Pedi\u00e1trica (SIM-P) &#8211; quadro que acomete crian\u00e7as e adolescentes &#8211; sendo temporalmente associada \u00e0 Covid-19. Destes, 15 j\u00e1 evolu\u00edram para a cura e alta hospitalar e um, infelizmente, para \u00f3bito.<\/span><\/p>\n<p style=\"text-align: justify;\">A notifica\u00e7\u00e3o dessa s\u00edndrome foi institu\u00edda no in\u00edcio deste m\u00eas de agosto e os servi\u00e7os de sa\u00fade, al\u00e9m de casos novos, est\u00e3o resgatando ocorr\u00eancias desde o come\u00e7o da pandemia.<\/p>\n<p style=\"text-align: justify;\">A vacina\u00e7\u00e3o \u00e9 uma das mais importantes aliadas da sa\u00fade e as estimativas apontam que, anualmente, evitam pelo menos 1,5 milh\u00e3o de mortes de crian\u00e7as. No SUS, s\u00e3o disponibilizadas vacinas que protegem as crian\u00e7as menores de um ano contra mais de 20 doen\u00e7as. No entanto, desde 2019 a cobertura vacinal est\u00e1 caindo no pa\u00eds e em Pernambuco e, devido ao Coronav\u00edrus, a situa\u00e7\u00e3o tende a se agravar. Portanto, \u00e9 sempre bom lembrar que os pais e respons\u00e1veis t\u00eam o dever de levar as crian\u00e7as aos postos de vacina\u00e7\u00e3o, que est\u00e3o abertos e adotando os cuidados necess\u00e1rios para proteger a sa\u00fade de todos.<\/p>\n<p style=\"text-align: justify;\">O cr\u00e9dito do cart\u00e3o alimenta\u00e7\u00e3o escolar est\u00e1 liberado e j\u00e1 pode ser utilizado por todos os estudantes. O pagamento beneficia 330 mil fam\u00edlias de alunos e alunas em maior situa\u00e7\u00e3o de vulnerabilidade e que dependem da merenda fornecida nas escolas da rede estadual de ensino.<\/p>\n<p style=\"text-align: justify;\">Est\u00e1 com sintomas gripais? O Atende em Casa faz marca\u00e7\u00e3o de testes para quem tiver sintomas da doen\u00e7a nos 143 munic\u00edpios cadastrados.<\/p>\n<p>Foto: HRA\/Divulga\u00e7\u00e3o.<\/p>\n","protected":false},"excerpt":{"rendered":"<p>Nesta ter\u00e7a-feira (8), a Secretaria Estadual de Sa\u00fade (SES-PE) registrou 170 novos casos da Covid-19, sendo 86% leves. Agora, Pernambuco&hellip;<\/p>\n","protected":false},"author":1,"featured_media":61174,"comment_status":"open","ping_status":"open","sticky":false,"template":"","format":"standard","meta":{"footnotes":""},"categories":[14120],"tags":[2,19418,17948,19489],"class_list":["post-61173","post","type-post","status-publish","format-standard","has-post-thumbnail","hentry","category-noticias","tag-blog-do-edvaldo-magalhaes","tag-blog-mais-acessado-de-caruaru-e-regiao","tag-coronavirus-2","tag-mais-de-115-mil-pessoas-recuperadas-de-covid-19-em-pernambuco"],"_links":{"self":[{"href":"https:\/\/blogdoedvaldomagalhaes.com.br\/index.php\/wp-json\/wp\/v2\/posts\/61173","targetHints":{"allow":["GET"]}}],"collection":[{"href":"https:\/\/blogdoedvaldomagalhaes.com.br\/index.php\/wp-json\/wp\/v2\/posts"}],"about":[{"href":"https:\/\/blogdoedvaldomagalhaes.com.br\/index.php\/wp-json\/wp\/v2\/types\/post"}],"author":[{"embeddable":true,"href":"https:\/\/blogdoedvaldomagalhaes.com.br\/index.php\/wp-json\/wp\/v2\/users\/1"}],"replies":[{"embeddable":true,"href":"https:\/\/blogdoedvaldomagalhaes.com.br\/index.php\/wp-json\/wp\/v2\/comments?post=61173"}],"version-history":[{"count":1,"href":"https:\/\/blogdoedvaldomagalhaes.com.br\/index.php\/wp-json\/wp\/v2\/posts\/61173\/revisions"}],"predecessor-version":[{"id":61175,"href":"https:\/\/blogdoedvaldomagalhaes.com.br\/index.php\/wp-json\/wp\/v2\/posts\/61173\/revisions\/61175"}],"wp:featuredmedia":[{"embeddable":true,"href":"https:\/\/blogdoedvaldomagalhaes.com.br\/index.php\/wp-json\/wp\/v2\/media\/61174"}],"wp:attachment":[{"href":"https:\/\/blogdoedvaldomagalhaes.com.br\/index.php\/wp-json\/wp\/v2\/media?parent=61173"}],"wp:term":[{"taxonomy":"category","embeddable":true,"href":"https:\/\/blogdoedvaldomagalhaes.com.br\/index.php\/wp-json\/wp\/v2\/categories?post=61173"},{"taxonomy":"post_tag","embeddable":true,"href":"https:\/\/blogdoedvaldomagalhaes.com.br\/index.php\/wp-json\/wp\/v2\/tags?post=61173"}],"curies":[{"name":"wp","href":"https:\/\/api.w.org\/{rel}","templated":true}]}}