{"id":6117,"date":"2017-04-30T17:25:00","date_gmt":"2017-04-30T20:25:00","guid":{"rendered":"http:\/\/blogdoedvaldomagalhaes.com.br\/index.php\/2017\/04\/30\/acusados-de-roubo-em-saire-capota\/"},"modified":"2019-02-09T01:25:02","modified_gmt":"2019-02-09T03:25:02","slug":"acusados-de-roubo-em-saire-capota","status":"publish","type":"post","link":"https:\/\/blogdoedvaldomagalhaes.com.br\/index.php\/2017\/04\/30\/acusados-de-roubo-em-saire-capota\/","title":{"rendered":"Acusados de Roubo em Sair\u00e9 capotam carro ap\u00f3s persegui\u00e7\u00e3o da PM"},"content":{"rendered":"<div class=\"separator\" style=\"clear: both; text-align: center;\">\n<a href=\"https:\/\/2.bp.blogspot.com\/-FC_SqnwlGmA\/WQYdc-4AuyI\/AAAAAAAAURY\/-SdIDm_nHUwLShq8G-A-BF4S0zDpg8HDQCLcB\/s1600\/IMG-20170430-WA0161.jpg\" imageanchor=\"1\" style=\"margin-left: 1em; margin-right: 1em;\"><img loading=\"lazy\" decoding=\"async\" border=\"0\" height=\"300\" src=\"http:\/\/blogdoedvaldomagalhaes.com.br\/wp-content\/uploads\/2017\/04\/IMG-20170430-WA0161.jpg\" width=\"400\" \/><\/a><\/div>\n<div class=\"separator\" style=\"clear: both; text-align: center;\">\nFoto: Reprodu\u00e7\u00e3o\/WhatsApp<\/div>\n<p><\/p>\n<div style=\"text-align: justify;\">\nDois homens acusados de roubo na cidade de &nbsp;Sair\u00e9, foram perseguidos pela Pol\u00edcia Militar e ao chegar no Anel Vi\u00e1rio, nas proximidades do Maria Jos\u00e9 Recep\u00e7\u00f5es, bateram em um poste de ilumina\u00e7\u00e3o p\u00fablica e capotaram o ve\u00edculo, sendo presos em seguida. Um dos acusados \u00e9 F\u00e1bio Bezerra Xavier, 28 anos, mora em frente a Ceaca, e o outro \u00e9 Jose Adriano da Silva, 33 anos, mora na rua Canhotinho, no Conjunto Residencial Boa Vista, em Caruaru.<\/p>\n<div class=\"separator\" style=\"clear: both; text-align: center;\">\n<a href=\"http:\/\/blogdoedvaldomagalhaes.com.br\/wp-content\/uploads\/2017\/04\/7-SINTRACON-23.jpg\" imageanchor=\"1\" style=\"clear: left; float: left; margin-bottom: 1em; margin-right: 1em;\"><img decoding=\"async\" border=\"0\" src=\"http:\/\/blogdoedvaldomagalhaes.com.br\/wp-content\/uploads\/2017\/04\/7-SINTRACON-23.jpg\" \/><\/a><\/div>\n<p><\/div>\n","protected":false},"excerpt":{"rendered":"<p>Foto: Reprodu\u00e7\u00e3o\/WhatsApp Dois homens acusados de roubo na cidade de &nbsp;Sair\u00e9, foram perseguidos pela Pol\u00edcia Militar e ao chegar no&hellip;<\/p>\n","protected":false},"author":1,"featured_media":0,"comment_status":"open","ping_status":"open","sticky":false,"template":"","format":"standard","meta":{"footnotes":""},"categories":[1],"tags":[8218,2,5958,13,6350],"class_list":["post-6117","post","type-post","status-publish","format-standard","hentry","category-sem-categoria","tag-acusados-de-roubo-em-saire-capotam-carro-apos-perseguicao-da-pm","tag-blog-do-edvaldo-magalhaes","tag-ceaca","tag-policial","tag-saire"],"_links":{"self":[{"href":"https:\/\/blogdoedvaldomagalhaes.com.br\/index.php\/wp-json\/wp\/v2\/posts\/6117","targetHints":{"allow":["GET"]}}],"collection":[{"href":"https:\/\/blogdoedvaldomagalhaes.com.br\/index.php\/wp-json\/wp\/v2\/posts"}],"about":[{"href":"https:\/\/blogdoedvaldomagalhaes.com.br\/index.php\/wp-json\/wp\/v2\/types\/post"}],"author":[{"embeddable":true,"href":"https:\/\/blogdoedvaldomagalhaes.com.br\/index.php\/wp-json\/wp\/v2\/users\/1"}],"replies":[{"embeddable":true,"href":"https:\/\/blogdoedvaldomagalhaes.com.br\/index.php\/wp-json\/wp\/v2\/comments?post=6117"}],"version-history":[{"count":1,"href":"https:\/\/blogdoedvaldomagalhaes.com.br\/index.php\/wp-json\/wp\/v2\/posts\/6117\/revisions"}],"predecessor-version":[{"id":19184,"href":"https:\/\/blogdoedvaldomagalhaes.com.br\/index.php\/wp-json\/wp\/v2\/posts\/6117\/revisions\/19184"}],"wp:attachment":[{"href":"https:\/\/blogdoedvaldomagalhaes.com.br\/index.php\/wp-json\/wp\/v2\/media?parent=6117"}],"wp:term":[{"taxonomy":"category","embeddable":true,"href":"https:\/\/blogdoedvaldomagalhaes.com.br\/index.php\/wp-json\/wp\/v2\/categories?post=6117"},{"taxonomy":"post_tag","embeddable":true,"href":"https:\/\/blogdoedvaldomagalhaes.com.br\/index.php\/wp-json\/wp\/v2\/tags?post=6117"}],"curies":[{"name":"wp","href":"https:\/\/api.w.org\/{rel}","templated":true}]}}