{"id":61164,"date":"2020-09-08T19:27:38","date_gmt":"2020-09-08T22:27:38","guid":{"rendered":"https:\/\/blogdoedvaldomagalhaes.com.br\/?p=61164"},"modified":"2020-09-08T19:27:39","modified_gmt":"2020-09-08T22:27:39","slug":"caruaru-tem-mais-de-7-mil-pacientes-recuperados-de-covid-19","status":"publish","type":"post","link":"https:\/\/blogdoedvaldomagalhaes.com.br\/index.php\/2020\/09\/08\/caruaru-tem-mais-de-7-mil-pacientes-recuperados-de-covid-19\/","title":{"rendered":"Caruaru tem mais de 7 mil pacientes recuperados de Covid-19"},"content":{"rendered":"<p style=\"text-align: justify;\"><span style=\"font-size: inherit;\">A Secretaria de Sa\u00fade de Caruaru registrou, em 24 horas, <\/span><strong style=\"font-size: inherit;\">83<\/strong><span style=\"font-size: inherit;\">\u00a0novos casos de covid-19 e duas mortes. De acordo com o boletim divulgado na noite desta ter\u00e7a-feira (08), os \u00f3bitos foram de dois homens com idades de 81 e 84 anos, e ocorreram no per\u00edodo de 29 de junho a 9 de julho.<\/span><\/p>\n<p style=\"text-align: justify;\">Com esta atualiza\u00e7\u00e3o de dados, Caruaru soma agora\u00a0<strong>7.514<\/strong>\u00a0casos confirmados do novo coronav\u00edrus e\u00a0<strong>314<\/strong>\u00a0mortes. Ainda de acordo com a Secretaria de Sa\u00fade, est\u00e3o em investiga\u00e7\u00e3o\u00a0<strong>508<\/strong>\u00a0casos e\u00a0<strong>2<\/strong>\u00a0\u00f3bitos. O n\u00famero de casos descartados subiu para\u00a0<strong>12.468<\/strong>\u00a0e\u00a0<strong>7.045<\/strong>\u00a0pacientes se recuperaram da doen\u00e7a.<\/p>\n\n\n<figure class=\"wp-block-image size-large\"><img loading=\"lazy\" decoding=\"async\" width=\"1024\" height=\"1024\" src=\"https:\/\/blogdoedvaldomagalhaes.com.br\/wp-content\/uploads\/2020\/09\/IMG-20200908-WA0254-1024x1024.jpg\" alt=\"\" class=\"wp-image-61166\" srcset=\"https:\/\/blogdoedvaldomagalhaes.com.br\/wp-content\/uploads\/2020\/09\/IMG-20200908-WA0254-1024x1024.jpg 1024w, https:\/\/blogdoedvaldomagalhaes.com.br\/wp-content\/uploads\/2020\/09\/IMG-20200908-WA0254-300x300.jpg 300w, https:\/\/blogdoedvaldomagalhaes.com.br\/wp-content\/uploads\/2020\/09\/IMG-20200908-WA0254-150x150.jpg 150w, https:\/\/blogdoedvaldomagalhaes.com.br\/wp-content\/uploads\/2020\/09\/IMG-20200908-WA0254-768x768.jpg 768w, https:\/\/blogdoedvaldomagalhaes.com.br\/wp-content\/uploads\/2020\/09\/IMG-20200908-WA0254.jpg 1280w\" sizes=\"auto, (max-width: 1024px) 100vw, 1024px\" \/><\/figure>\n","protected":false},"excerpt":{"rendered":"<p>A Secretaria de Sa\u00fade de Caruaru registrou, em 24 horas, 83\u00a0novos casos de covid-19 e duas mortes. De acordo com&hellip;<\/p>\n","protected":false},"author":1,"featured_media":61165,"comment_status":"open","ping_status":"open","sticky":false,"template":"","format":"standard","meta":{"footnotes":""},"categories":[14120],"tags":[2,19418,19487,17948],"class_list":["post-61164","post","type-post","status-publish","format-standard","has-post-thumbnail","hentry","category-noticias","tag-blog-do-edvaldo-magalhaes","tag-blog-mais-acessado-de-caruaru-e-regiao","tag-caruaru-tem-mais-de-7-mil-pacientes-recuperados-de-covid-19","tag-coronavirus-2"],"_links":{"self":[{"href":"https:\/\/blogdoedvaldomagalhaes.com.br\/index.php\/wp-json\/wp\/v2\/posts\/61164","targetHints":{"allow":["GET"]}}],"collection":[{"href":"https:\/\/blogdoedvaldomagalhaes.com.br\/index.php\/wp-json\/wp\/v2\/posts"}],"about":[{"href":"https:\/\/blogdoedvaldomagalhaes.com.br\/index.php\/wp-json\/wp\/v2\/types\/post"}],"author":[{"embeddable":true,"href":"https:\/\/blogdoedvaldomagalhaes.com.br\/index.php\/wp-json\/wp\/v2\/users\/1"}],"replies":[{"embeddable":true,"href":"https:\/\/blogdoedvaldomagalhaes.com.br\/index.php\/wp-json\/wp\/v2\/comments?post=61164"}],"version-history":[{"count":1,"href":"https:\/\/blogdoedvaldomagalhaes.com.br\/index.php\/wp-json\/wp\/v2\/posts\/61164\/revisions"}],"predecessor-version":[{"id":61167,"href":"https:\/\/blogdoedvaldomagalhaes.com.br\/index.php\/wp-json\/wp\/v2\/posts\/61164\/revisions\/61167"}],"wp:featuredmedia":[{"embeddable":true,"href":"https:\/\/blogdoedvaldomagalhaes.com.br\/index.php\/wp-json\/wp\/v2\/media\/61165"}],"wp:attachment":[{"href":"https:\/\/blogdoedvaldomagalhaes.com.br\/index.php\/wp-json\/wp\/v2\/media?parent=61164"}],"wp:term":[{"taxonomy":"category","embeddable":true,"href":"https:\/\/blogdoedvaldomagalhaes.com.br\/index.php\/wp-json\/wp\/v2\/categories?post=61164"},{"taxonomy":"post_tag","embeddable":true,"href":"https:\/\/blogdoedvaldomagalhaes.com.br\/index.php\/wp-json\/wp\/v2\/tags?post=61164"}],"curies":[{"name":"wp","href":"https:\/\/api.w.org\/{rel}","templated":true}]}}