{"id":61140,"date":"2020-09-08T10:20:01","date_gmt":"2020-09-08T13:20:01","guid":{"rendered":"https:\/\/blogdoedvaldomagalhaes.com.br\/?p=61140"},"modified":"2020-09-08T11:04:42","modified_gmt":"2020-09-08T14:04:42","slug":"hospital-regional-do-agreste-em-caruaru-procura-parentes-de-paciente","status":"publish","type":"post","link":"https:\/\/blogdoedvaldomagalhaes.com.br\/index.php\/2020\/09\/08\/hospital-regional-do-agreste-em-caruaru-procura-parentes-de-paciente\/","title":{"rendered":"Hospital Regional do Agreste em Caruaru procura parentes de paciente"},"content":{"rendered":"<p style=\"text-align: justify;\">O Servi\u00e7o Social do Hospital Regional do Agreste (HRA) est\u00e1 procurando parentes de um paciente v\u00edtima de espancamento. Jhon Pierre da Silva, 27 anos, deu entrada na unidade hospitalar no dia 22 de agosto, socorrido pelo Samu.<\/p>\n<p style=\"text-align: justify;\">A v\u00edtima est\u00e1 hospitalizada h\u00e1 mais de 15 dias e nenhum familiar foi localizado at\u00e9 o momento. O Servi\u00e7o Social do HRA atende atrav\u00e9s do telefone: (<strong>81) 3719-9409<\/strong>.<\/p>\n\n\n<p><\/p>\n","protected":false},"excerpt":{"rendered":"<p>O Servi\u00e7o Social do Hospital Regional do Agreste (HRA) est\u00e1 procurando parentes de um paciente v\u00edtima de espancamento. Jhon Pierre&hellip;<\/p>\n","protected":false},"author":1,"featured_media":61141,"comment_status":"open","ping_status":"open","sticky":false,"template":"","format":"standard","meta":{"footnotes":""},"categories":[14120],"tags":[2,19418,19479,2083],"class_list":["post-61140","post","type-post","status-publish","format-standard","has-post-thumbnail","hentry","category-noticias","tag-blog-do-edvaldo-magalhaes","tag-blog-mais-acessado-de-caruaru-e-regiao","tag-hospital-regional-do-agreste-em-caruaru-procura-parentes-de-paciente","tag-hra"],"_links":{"self":[{"href":"https:\/\/blogdoedvaldomagalhaes.com.br\/index.php\/wp-json\/wp\/v2\/posts\/61140","targetHints":{"allow":["GET"]}}],"collection":[{"href":"https:\/\/blogdoedvaldomagalhaes.com.br\/index.php\/wp-json\/wp\/v2\/posts"}],"about":[{"href":"https:\/\/blogdoedvaldomagalhaes.com.br\/index.php\/wp-json\/wp\/v2\/types\/post"}],"author":[{"embeddable":true,"href":"https:\/\/blogdoedvaldomagalhaes.com.br\/index.php\/wp-json\/wp\/v2\/users\/1"}],"replies":[{"embeddable":true,"href":"https:\/\/blogdoedvaldomagalhaes.com.br\/index.php\/wp-json\/wp\/v2\/comments?post=61140"}],"version-history":[{"count":2,"href":"https:\/\/blogdoedvaldomagalhaes.com.br\/index.php\/wp-json\/wp\/v2\/posts\/61140\/revisions"}],"predecessor-version":[{"id":61147,"href":"https:\/\/blogdoedvaldomagalhaes.com.br\/index.php\/wp-json\/wp\/v2\/posts\/61140\/revisions\/61147"}],"wp:featuredmedia":[{"embeddable":true,"href":"https:\/\/blogdoedvaldomagalhaes.com.br\/index.php\/wp-json\/wp\/v2\/media\/61141"}],"wp:attachment":[{"href":"https:\/\/blogdoedvaldomagalhaes.com.br\/index.php\/wp-json\/wp\/v2\/media?parent=61140"}],"wp:term":[{"taxonomy":"category","embeddable":true,"href":"https:\/\/blogdoedvaldomagalhaes.com.br\/index.php\/wp-json\/wp\/v2\/categories?post=61140"},{"taxonomy":"post_tag","embeddable":true,"href":"https:\/\/blogdoedvaldomagalhaes.com.br\/index.php\/wp-json\/wp\/v2\/tags?post=61140"}],"curies":[{"name":"wp","href":"https:\/\/api.w.org\/{rel}","templated":true}]}}