{"id":61137,"date":"2020-09-08T10:01:58","date_gmt":"2020-09-08T13:01:58","guid":{"rendered":"https:\/\/blogdoedvaldomagalhaes.com.br\/?p=61137"},"modified":"2020-09-08T10:49:25","modified_gmt":"2020-09-08T13:49:25","slug":"motorista-morre-apos-carro-colidir-em-cerca-e-capotar-na-br-232-em-caruaru","status":"publish","type":"post","link":"https:\/\/blogdoedvaldomagalhaes.com.br\/index.php\/2020\/09\/08\/motorista-morre-apos-carro-colidir-em-cerca-e-capotar-na-br-232-em-caruaru\/","title":{"rendered":"Motorista morre ap\u00f3s carro colidir em cerca e capotar na BR 232 em Caruaru"},"content":{"rendered":"<p style=\"text-align: justify;\">O motorista de um carro perdeu o controle do ve\u00edculo no km 122 da BR 232 em Caruaru, na madrugada desta ter\u00e7a-feira (08). Ele colidiu em uma cerca e capotou. O homem estava sozinho e faleceu. O corpo foi encaminhado para o Instituto de Medicina Legal de Caruaru (IML), e o nome ainda n\u00e3o foi divulgado.<\/p>\n\n\n<figure class=\"wp-block-image size-large\"><img loading=\"lazy\" decoding=\"async\" width=\"1024\" height=\"576\" src=\"https:\/\/blogdoedvaldomagalhaes.com.br\/wp-content\/uploads\/2020\/09\/IMG-20200908-WA0110-1024x576.jpg\" alt=\"\" class=\"wp-image-61143\" srcset=\"https:\/\/blogdoedvaldomagalhaes.com.br\/wp-content\/uploads\/2020\/09\/IMG-20200908-WA0110-1024x576.jpg 1024w, https:\/\/blogdoedvaldomagalhaes.com.br\/wp-content\/uploads\/2020\/09\/IMG-20200908-WA0110-300x169.jpg 300w, https:\/\/blogdoedvaldomagalhaes.com.br\/wp-content\/uploads\/2020\/09\/IMG-20200908-WA0110-768x432.jpg 768w, https:\/\/blogdoedvaldomagalhaes.com.br\/wp-content\/uploads\/2020\/09\/IMG-20200908-WA0110-1140x641.jpg 1140w, https:\/\/blogdoedvaldomagalhaes.com.br\/wp-content\/uploads\/2020\/09\/IMG-20200908-WA0110-720x405.jpg 720w, https:\/\/blogdoedvaldomagalhaes.com.br\/wp-content\/uploads\/2020\/09\/IMG-20200908-WA0110.jpg 1152w\" sizes=\"auto, (max-width: 1024px) 100vw, 1024px\" \/><\/figure>\n\n\n\n<figure class=\"wp-block-image size-large\"><img loading=\"lazy\" decoding=\"async\" width=\"1024\" height=\"498\" src=\"https:\/\/blogdoedvaldomagalhaes.com.br\/wp-content\/uploads\/2020\/09\/IMG-20200908-WA0108-1024x498.jpg\" alt=\"\" class=\"wp-image-61144\" srcset=\"https:\/\/blogdoedvaldomagalhaes.com.br\/wp-content\/uploads\/2020\/09\/IMG-20200908-WA0108-1024x498.jpg 1024w, https:\/\/blogdoedvaldomagalhaes.com.br\/wp-content\/uploads\/2020\/09\/IMG-20200908-WA0108-300x146.jpg 300w, https:\/\/blogdoedvaldomagalhaes.com.br\/wp-content\/uploads\/2020\/09\/IMG-20200908-WA0108-768x373.jpg 768w, https:\/\/blogdoedvaldomagalhaes.com.br\/wp-content\/uploads\/2020\/09\/IMG-20200908-WA0108.jpg 1152w\" sizes=\"auto, (max-width: 1024px) 100vw, 1024px\" \/><figcaption>Fotos: PRF\/Divulga\u00e7\u00e3o<\/figcaption><\/figure>\n\n\n<p style=\"text-align: justify;\">Outro acidente ocorreu por volta das 7h30 no km 29,8 da BR 408 em Alian\u00e7a. Foi<span style=\"font-size: inherit;\">\u00a0uma colis\u00e3o entre um caminh\u00e3o e um carro. O condutor do carro faleceu no local.<\/span><\/p>\n<p style=\"text-align: justify;\">O motorista do caminh\u00e3o n\u00e3o se feriu. Ele realizou o teste do baf\u00f4metro e o resultado foi normal.<\/p>\n<p style=\"text-align: justify;\">O caminh\u00e3o tombou sobre a rodovia e apenas ve\u00edculos de pequeno porte(carros e motos) est\u00e3o passando no sistema pare e siga.<\/p>","protected":false},"excerpt":{"rendered":"<p>O motorista de um carro perdeu o controle do ve\u00edculo no km 122 da BR 232 em Caruaru, na madrugada&hellip;<\/p>\n","protected":false},"author":1,"featured_media":61138,"comment_status":"open","ping_status":"open","sticky":false,"template":"","format":"standard","meta":{"footnotes":""},"categories":[14120],"tags":[2,19418,19478],"class_list":["post-61137","post","type-post","status-publish","format-standard","has-post-thumbnail","hentry","category-noticias","tag-blog-do-edvaldo-magalhaes","tag-blog-mais-acessado-de-caruaru-e-regiao","tag-motorista-morre-apos-carro-colidir-em-cerca-e-capotar-na-br-232-em-caruaru"],"_links":{"self":[{"href":"https:\/\/blogdoedvaldomagalhaes.com.br\/index.php\/wp-json\/wp\/v2\/posts\/61137","targetHints":{"allow":["GET"]}}],"collection":[{"href":"https:\/\/blogdoedvaldomagalhaes.com.br\/index.php\/wp-json\/wp\/v2\/posts"}],"about":[{"href":"https:\/\/blogdoedvaldomagalhaes.com.br\/index.php\/wp-json\/wp\/v2\/types\/post"}],"author":[{"embeddable":true,"href":"https:\/\/blogdoedvaldomagalhaes.com.br\/index.php\/wp-json\/wp\/v2\/users\/1"}],"replies":[{"embeddable":true,"href":"https:\/\/blogdoedvaldomagalhaes.com.br\/index.php\/wp-json\/wp\/v2\/comments?post=61137"}],"version-history":[{"count":2,"href":"https:\/\/blogdoedvaldomagalhaes.com.br\/index.php\/wp-json\/wp\/v2\/posts\/61137\/revisions"}],"predecessor-version":[{"id":61145,"href":"https:\/\/blogdoedvaldomagalhaes.com.br\/index.php\/wp-json\/wp\/v2\/posts\/61137\/revisions\/61145"}],"wp:featuredmedia":[{"embeddable":true,"href":"https:\/\/blogdoedvaldomagalhaes.com.br\/index.php\/wp-json\/wp\/v2\/media\/61138"}],"wp:attachment":[{"href":"https:\/\/blogdoedvaldomagalhaes.com.br\/index.php\/wp-json\/wp\/v2\/media?parent=61137"}],"wp:term":[{"taxonomy":"category","embeddable":true,"href":"https:\/\/blogdoedvaldomagalhaes.com.br\/index.php\/wp-json\/wp\/v2\/categories?post=61137"},{"taxonomy":"post_tag","embeddable":true,"href":"https:\/\/blogdoedvaldomagalhaes.com.br\/index.php\/wp-json\/wp\/v2\/tags?post=61137"}],"curies":[{"name":"wp","href":"https:\/\/api.w.org\/{rel}","templated":true}]}}