{"id":61134,"date":"2020-09-08T09:04:17","date_gmt":"2020-09-08T12:04:17","guid":{"rendered":"https:\/\/blogdoedvaldomagalhaes.com.br\/?p=61134"},"modified":"2020-09-08T09:04:18","modified_gmt":"2020-09-08T12:04:18","slug":"unifavip-oferece-atendimento-gratuito-de-fisioterapia-respiratoria-pos-covid-19","status":"publish","type":"post","link":"https:\/\/blogdoedvaldomagalhaes.com.br\/index.php\/2020\/09\/08\/unifavip-oferece-atendimento-gratuito-de-fisioterapia-respiratoria-pos-covid-19\/","title":{"rendered":"UniFavip oferece atendimento gratuito de fisioterapia respirat\u00f3ria p\u00f3s covid-19"},"content":{"rendered":"<p style=\"text-align: justify;\"><span style=\"font-size: inherit;\">Com intuito de realizar a reabilita\u00e7\u00e3o respirat\u00f3ria de pessoas que tiveram a covid-19, o Centro Universit\u00e1rio UniFavip est\u00e1 oferecendo gratuitamente atendimento de fisioterapia respirat\u00f3ria. Os atendimentos acontecem de segunda a sexta-feira, das 8h \u00e0s 18h, na cl\u00ednica-escola do curso de fisioterapia, no pr\u00f3prio campus da institui\u00e7\u00e3o.<\/span><\/p>\n<p style=\"text-align: justify;\">\u201cNosso atendimento \u00e9 feito com foco exclusivo nas pessoas que tiveram a covid-19 e j\u00e1 est\u00e3o curadas, mas ficaram com alguma sequela decorrente da doen\u00e7a, como a dificuldade para respirar, onde faremos a expans\u00e3o pulmonar que esses pacientes precisam, por exemplo. Tudo ser\u00e1 feito pelos nossos alunos da cl\u00ednica-escola de fisioterapia, sob a supervis\u00e3o dos preceptores de est\u00e1gio, que tamb\u00e9m s\u00e3o professores do curso e profissionais da \u00e1rea\u201d, destacou o coordenador do curso de fisioterapia Wlaldemir Santos.<\/p>\n<p style=\"text-align: justify;\">Os interessados em ter acesso ao servi\u00e7o precisam agendar um hor\u00e1rio, atrav\u00e9s dos telefones 81 3725-0335 ou 81 3727-4721. Outra op\u00e7\u00e3o de agendamento \u00e9 pelo WhatsApp (81) 99261-2448. Os atendimentos s\u00e3o feitos respeitando o distanciamento e os protocolos recomendados pela Organiza\u00e7\u00e3o Mundial da Sa\u00fade (OMS), devido \u00e0 pandemia do cornav\u00edrus. Portanto, \u00e9 obrigat\u00f3rio o uso de m\u00e1scara para adentrar no UniFavip e durante todo atendimento.<\/p>\n","protected":false},"excerpt":{"rendered":"<p>Com intuito de realizar a reabilita\u00e7\u00e3o respirat\u00f3ria de pessoas que tiveram a covid-19, o Centro Universit\u00e1rio UniFavip est\u00e1 oferecendo gratuitamente&hellip;<\/p>\n","protected":false},"author":1,"featured_media":61135,"comment_status":"open","ping_status":"open","sticky":false,"template":"","format":"standard","meta":{"footnotes":""},"categories":[14120],"tags":[2,19418,19477],"class_list":["post-61134","post","type-post","status-publish","format-standard","has-post-thumbnail","hentry","category-noticias","tag-blog-do-edvaldo-magalhaes","tag-blog-mais-acessado-de-caruaru-e-regiao","tag-unifavip-oferece-atendimento-gratuito-de-fisioterapia-respiratoria-pos-covid-19"],"_links":{"self":[{"href":"https:\/\/blogdoedvaldomagalhaes.com.br\/index.php\/wp-json\/wp\/v2\/posts\/61134","targetHints":{"allow":["GET"]}}],"collection":[{"href":"https:\/\/blogdoedvaldomagalhaes.com.br\/index.php\/wp-json\/wp\/v2\/posts"}],"about":[{"href":"https:\/\/blogdoedvaldomagalhaes.com.br\/index.php\/wp-json\/wp\/v2\/types\/post"}],"author":[{"embeddable":true,"href":"https:\/\/blogdoedvaldomagalhaes.com.br\/index.php\/wp-json\/wp\/v2\/users\/1"}],"replies":[{"embeddable":true,"href":"https:\/\/blogdoedvaldomagalhaes.com.br\/index.php\/wp-json\/wp\/v2\/comments?post=61134"}],"version-history":[{"count":1,"href":"https:\/\/blogdoedvaldomagalhaes.com.br\/index.php\/wp-json\/wp\/v2\/posts\/61134\/revisions"}],"predecessor-version":[{"id":61136,"href":"https:\/\/blogdoedvaldomagalhaes.com.br\/index.php\/wp-json\/wp\/v2\/posts\/61134\/revisions\/61136"}],"wp:featuredmedia":[{"embeddable":true,"href":"https:\/\/blogdoedvaldomagalhaes.com.br\/index.php\/wp-json\/wp\/v2\/media\/61135"}],"wp:attachment":[{"href":"https:\/\/blogdoedvaldomagalhaes.com.br\/index.php\/wp-json\/wp\/v2\/media?parent=61134"}],"wp:term":[{"taxonomy":"category","embeddable":true,"href":"https:\/\/blogdoedvaldomagalhaes.com.br\/index.php\/wp-json\/wp\/v2\/categories?post=61134"},{"taxonomy":"post_tag","embeddable":true,"href":"https:\/\/blogdoedvaldomagalhaes.com.br\/index.php\/wp-json\/wp\/v2\/tags?post=61134"}],"curies":[{"name":"wp","href":"https:\/\/api.w.org\/{rel}","templated":true}]}}