{"id":61131,"date":"2020-09-08T08:37:19","date_gmt":"2020-09-08T11:37:19","guid":{"rendered":"https:\/\/blogdoedvaldomagalhaes.com.br\/?p=61131"},"modified":"2020-09-08T08:37:20","modified_gmt":"2020-09-08T11:37:20","slug":"caruaru-eber-wesley-coordenara-plano-de-governo-de-raffie","status":"publish","type":"post","link":"https:\/\/blogdoedvaldomagalhaes.com.br\/index.php\/2020\/09\/08\/caruaru-eber-wesley-coordenara-plano-de-governo-de-raffie\/","title":{"rendered":"Caruaru: \u00c9ber Wesley Coordenar\u00e1 Plano de Governo de Raffi\u00ea"},"content":{"rendered":"<p style=\"text-align: justify;\"><span style=\"font-size: inherit;\">O pr\u00e9-candidato \u00e0 Prefeito de Caruaru pelo PSD, Raffi\u00ea Dellon, j\u00e1 definiu quem ser\u00e1 o seu Coordenador do Plano de Governo. \u00c9ber Wesley \u00e9 contador de forma\u00e7\u00e3o, p\u00f3s-graduado em Contabilidade e Controladoria pela UFPE e mestre em Gest\u00e3o P\u00fablica para o Desenvolvimento do Nordeste atrav\u00e9s da UFPE. Atua como professor universit\u00e1rio em cursos de gradua\u00e7\u00e3o e p\u00f3s-gradua\u00e7\u00e3o com disciplinas voltadas ao Planejamento Governamental e Finan\u00e7as P\u00fablicas. \u00c9 consultor renomado no estado de Pernambuco atrav\u00e9s da empresa &#8220;Barbosa e Queir\u00f3z Gest\u00e3o P\u00fablica&#8221; que atua nas \u00e1reas de planejamento e finan\u00e7as p\u00fablicas.<\/span><\/p>\n<p style=\"text-align: justify;\">\u201c\u00c9ber represente o melhor de t\u00e9cnico e capacidade de gest\u00e3o na vida p\u00fablica, foi meu professor na faculdade e agora chega para somar ao nosso time, fico muito feliz pelo seu sim. O nosso Plano de Governo vem sendo desenhado h\u00e1 3 anos, n\u00e3o dentro de gabinete, mas nas ruas, nas comunidades. Eu ouvi muita gente em muitas localidades pra gente chegar no resultado que n\u00f3s temos hoje. A Gest\u00e3o P\u00fablica em Caruaru precisa entrar no s\u00e9culo 21. Chega de olhar no retrovisor. Agora \u00e9 modernizar a m\u00e1quina p\u00fablica, com gente competente, com um time sintonizado com os problemas de Caruaru\u201d, comentou Raffi\u00ea.<\/p>\n\n\n<p><\/p>\n","protected":false},"excerpt":{"rendered":"<p>O pr\u00e9-candidato \u00e0 Prefeito de Caruaru pelo PSD, Raffi\u00ea Dellon, j\u00e1 definiu quem ser\u00e1 o seu Coordenador do Plano de&hellip;<\/p>\n","protected":false},"author":1,"featured_media":61132,"comment_status":"open","ping_status":"open","sticky":false,"template":"","format":"standard","meta":{"footnotes":""},"categories":[14122],"tags":[2,19418,19476,3637,2491],"class_list":["post-61131","post","type-post","status-publish","format-standard","has-post-thumbnail","hentry","category-politica","tag-blog-do-edvaldo-magalhaes","tag-blog-mais-acessado-de-caruaru-e-regiao","tag-caruaru-eber-wesley-coordenara-plano-de-governo-de-raffie","tag-psd","tag-raffie-dellon"],"_links":{"self":[{"href":"https:\/\/blogdoedvaldomagalhaes.com.br\/index.php\/wp-json\/wp\/v2\/posts\/61131","targetHints":{"allow":["GET"]}}],"collection":[{"href":"https:\/\/blogdoedvaldomagalhaes.com.br\/index.php\/wp-json\/wp\/v2\/posts"}],"about":[{"href":"https:\/\/blogdoedvaldomagalhaes.com.br\/index.php\/wp-json\/wp\/v2\/types\/post"}],"author":[{"embeddable":true,"href":"https:\/\/blogdoedvaldomagalhaes.com.br\/index.php\/wp-json\/wp\/v2\/users\/1"}],"replies":[{"embeddable":true,"href":"https:\/\/blogdoedvaldomagalhaes.com.br\/index.php\/wp-json\/wp\/v2\/comments?post=61131"}],"version-history":[{"count":1,"href":"https:\/\/blogdoedvaldomagalhaes.com.br\/index.php\/wp-json\/wp\/v2\/posts\/61131\/revisions"}],"predecessor-version":[{"id":61133,"href":"https:\/\/blogdoedvaldomagalhaes.com.br\/index.php\/wp-json\/wp\/v2\/posts\/61131\/revisions\/61133"}],"wp:featuredmedia":[{"embeddable":true,"href":"https:\/\/blogdoedvaldomagalhaes.com.br\/index.php\/wp-json\/wp\/v2\/media\/61132"}],"wp:attachment":[{"href":"https:\/\/blogdoedvaldomagalhaes.com.br\/index.php\/wp-json\/wp\/v2\/media?parent=61131"}],"wp:term":[{"taxonomy":"category","embeddable":true,"href":"https:\/\/blogdoedvaldomagalhaes.com.br\/index.php\/wp-json\/wp\/v2\/categories?post=61131"},{"taxonomy":"post_tag","embeddable":true,"href":"https:\/\/blogdoedvaldomagalhaes.com.br\/index.php\/wp-json\/wp\/v2\/tags?post=61131"}],"curies":[{"name":"wp","href":"https:\/\/api.w.org\/{rel}","templated":true}]}}